{"id":62692,"date":"2017-09-09T03:10:21","date_gmt":"2017-09-09T03:10:21","guid":{"rendered":"http:\/\/animamacau.org\/\/sem-categoria\/anima-1229-yeti-needs-a-new-home-2\/"},"modified":"2017-11-04T10:28:52","modified_gmt":"2017-11-04T10:28:52","slug":"anima-1229-yeti-needs-a-new-home","status":"publish","type":"post","link":"https:\/\/www.animamacau.org\/pt-pt\/anima-1229-yeti-needs-a-new-home\/","title":{"rendered":"Anima-1229-Yeti precisa de um Novo Lar!"},"content":{"rendered":"<p><strong>&lt;09-09-2017&gt;<\/strong><br \/>\n<span style=\"color: #0000ff\"><em><strong>Por favor, ajude a Yeti a encontrar um novo dono rapidamente!<\/strong><\/em><\/span><br \/>\n<span style=\"color: #ff0000\">1229-Yeti (F), agora com cerca de quatro anos de idade, foi resgatada pela Anima a 18 de Maio de 2014, ap\u00f3s uma chamada do Sr. Wu referindo que um malamute do alaska andava a vaguear pela Rua do Campo e quase foi atropelado.<\/span><br \/>\n<span style=\"color: #ff0000\">1229-Yeti foi adoptada a 22 de Maio de 2014.<\/span><br \/>\n<span style=\"color: #ff0000\">Fomos informados pelo adoptante que ele n\u00e3o conseguia manter a Yeti, pois n\u00e3o tinha mais tempo para tomar conta dela. <\/span><br \/>\n<span style=\"color: #ff0000\">Ir\u00e1 mant\u00ea-la at\u00e9 encontrar uma nova fam\u00edlia para ela.<\/span><br \/>\n<span style=\"color: #ff0000\">Se algu\u00e9m estiver interessado em adoptar a Yeti, queira contactar-nos, por favor!<br \/>\n<\/span><br \/>\n<span style=\"color: #333333\"><em><strong>Por favor, ajude-nos a ajud\u00e1-los!<\/strong><\/em><\/span><br \/>\n<span style=\"color: #333333\"><em><strong>Por favor, adopte e nunca compre!<\/strong><\/em><\/span><br \/>\n<span style=\"color: #333333\"><em><strong>Nunca abandone o seu animal de estima\u00e7\u00e3o! Abandonar um animal de estima\u00e7\u00e3o \u00e9 abandonar um membro da fam\u00edlia!<\/strong><\/em><\/span><\/p>\n<p>&nbsp;<\/p>\n<p>&nbsp;<\/p>\n<p><span style=\"color: #ff0000\"><em>Ajude-nos doando para:<\/em> <\/span><br \/>\n<strong><span style=\"color: #ff0000\">ANIMA \u2013 Sociedade Protectora dos Animais de Macau<\/span><\/strong><br \/>\n<span style=\"color: #ff0000\">para as seguintes contas:<\/span><br \/>\n<span style=\"color: #ff0000\"><span style=\"color: #0000ff\"><strong>Banco Nacional Ultramarino<\/strong><\/span>, MOP conta n\u00famero 9003472840<\/span><br \/>\n<span style=\"color: #ff0000\"><span style=\"color: #0000ff\"><strong>Banco da China<\/strong><\/span>, MOP conta n\u00famero 01-01-20-794318<\/span><br \/>\n<span style=\"color: #ff0000\"><span style=\"color: #0000ff\"><strong>ICBC<\/strong><\/span>, MOP conta n\u00famero 0119100200000960934<\/span><br \/>\n<span style=\"color: #ff0000\">(ICBC jetco, favor de n\u00e3o inserir os tr\u00eas primeiros d\u00edgitos)<\/span><br \/>\n<span style=\"color: #ff0000\"><span style=\"color: #0000ff\"><strong>Banco Tai Fung<\/strong><\/span>, MOP conta n\u00famero 201-1-10530-7<\/span><br \/>\n<span style=\"color: #ff0000\"><span style=\"color: #0000ff\"><strong>Banco Tai Fung<\/strong><\/span>, HKD conta n\u00famero 101-1-12983-3<\/span><br \/>\n<span style=\"color: #ff0000\"><em>e informe-nos da sua doa\u00e7\u00e3o para anima@macau.ctm.net ou info@animamacau.org<\/em><\/span><\/p>\n\n\t\t<style type=\"text\/css\">\n\t\t\t#gallery-2 {\n\t\t\t\tmargin: auto;\n\t\t\t}\n\t\t\t#gallery-2 .gallery-item {\n\t\t\t\tfloat: left;\n\t\t\t\tmargin-top: 10px;\n\t\t\t\ttext-align: center;\n\t\t\t\twidth: 33%;\n\t\t\t}\n\t\t\t#gallery-2 img {\n\t\t\t\tborder: 2px solid #cfcfcf;\n\t\t\t}\n\t\t\t#gallery-2 .gallery-caption {\n\t\t\t\tmargin-left: 0;\n\t\t\t}\n\t\t\t\/* see gallery_shortcode() in wp-includes\/media.php *\/\n\t\t<\/style>\n\t\t<div id='gallery-2' class='gallery galleryid-62692 gallery-columns-3 gallery-size-thumbnail'><dl class='gallery-item'>\n\t\t\t<dt class='gallery-icon landscape'>\n\t\t\t\t<a href='https:\/\/www.animamacau.org\/pt-pt\/anima-1229-yeti-needs-a-new-home\/1229-yeti-post-on-facebook-for-adoption-2-3\/'><img loading=\"lazy\" decoding=\"async\" width=\"150\" height=\"150\" src=\"https:\/\/www.animamacau.org\/wp-content\/uploads\/2017\/09\/1229-Yeti-post-on-Facebook-for-adoption-2-150x150.jpg\" class=\"attachment-thumbnail size-thumbnail\" alt=\"\" \/><\/a>\n\t\t\t<\/dt><\/dl><dl class='gallery-item'>\n\t\t\t<dt class='gallery-icon landscape'>\n\t\t\t\t<a href='https:\/\/www.animamacau.org\/pt-pt\/anima-1229-yeti-needs-a-new-home\/1229-yeti-post-on-facebook-for-adoption-4\/'><img loading=\"lazy\" decoding=\"async\" width=\"150\" height=\"150\" src=\"https:\/\/www.animamacau.org\/wp-content\/uploads\/2017\/09\/1229-Yeti-post-on-Facebook-for-adoption-150x150.jpg\" class=\"attachment-thumbnail size-thumbnail\" alt=\"\" \/><\/a>\n\t\t\t<\/dt><\/dl>\n\t\t\t<br style='clear: both' \/>\n\t\t<\/div>\n\n<p><a href=\"http:\/\/animamacau.org\/\/wp-content\/uploads\/2017\/09\/1229-Yeti-post-on-Facebook-for-adoption-11.jpg\"><img loading=\"lazy\" decoding=\"async\" class=\"alignnone size-large wp-image-60036\" src=\"http:\/\/animamacau.org\/\/wp-content\/uploads\/2017\/09\/1229-Yeti-post-on-Facebook-for-adoption-11-793x1024.jpg\" alt=\"1229-Yeti post on Facebook for adoption (11)\" width=\"793\" height=\"1024\" srcset=\"https:\/\/www.animamacau.org\/wp-content\/uploads\/2017\/09\/1229-Yeti-post-on-Facebook-for-adoption-11-793x1024.jpg 793w, https:\/\/www.animamacau.org\/wp-content\/uploads\/2017\/09\/1229-Yeti-post-on-Facebook-for-adoption-11-232x300.jpg 232w, https:\/\/www.animamacau.org\/wp-content\/uploads\/2017\/09\/1229-Yeti-post-on-Facebook-for-adoption-11.jpg 880w\" sizes=\"auto, (max-width: 793px) 100vw, 793px\" \/><\/a><\/p>\n","protected":false},"excerpt":{"rendered":"<p>&lt;09-09-2017&gt; Por favor, ajude a Yeti a encontrar um novo dono rapidamente! 1229-Yeti (F), agora com cerca de quatro anos de idade, foi resgatada pela Anima a 18 de Maio de 2014, ap\u00f3s uma chamada do Sr. Wu referindo que um malamute do alaska andava a vaguear pela Rua do Campo e quase foi atropelado. 1229-Yeti foi adoptada a 22 de Maio de 2014. Fomos informados pelo adoptante que ele n\u00e3o conseguia manter a Yeti, pois n\u00e3o tinha mais tempo para tomar conta dela. Ir\u00e1 mant\u00ea-la at\u00e9 encontrar uma nova fam\u00edlia para ela. Se algu\u00e9m estiver interessado em adoptar a Yeti, queira contactar-nos, por favor! Por favor, ajude-nos a ajud\u00e1-los! Por favor, adopte e nunca compre! Nunca abandone o seu animal de estima\u00e7\u00e3o! Abandonar um animal de estima\u00e7\u00e3o \u00e9 abandonar um membro da fam\u00edlia! &nbsp; &nbsp; Ajude-nos doando para: ANIMA \u2013 Sociedade Protectora dos Animais&#8230;<\/p>\n","protected":false},"author":10,"featured_media":60041,"comment_status":"closed","ping_status":"open","sticky":false,"template":"","format":"gallery","meta":{"_acf_changed":false,"footnotes":""},"categories":[285,271,275],"tags":[],"class_list":["post-62692","post","type-post","status-publish","format-gallery","has-post-thumbnail","hentry","category-informacao-animais","category-noticias","category-publicidade","post_format-post-format-gallery"],"acf":[],"_links":{"self":[{"href":"https:\/\/www.animamacau.org\/pt-pt\/wp-json\/wp\/v2\/posts\/62692","targetHints":{"allow":["GET"]}}],"collection":[{"href":"https:\/\/www.animamacau.org\/pt-pt\/wp-json\/wp\/v2\/posts"}],"about":[{"href":"https:\/\/www.animamacau.org\/pt-pt\/wp-json\/wp\/v2\/types\/post"}],"author":[{"embeddable":true,"href":"https:\/\/www.animamacau.org\/pt-pt\/wp-json\/wp\/v2\/users\/10"}],"replies":[{"embeddable":true,"href":"https:\/\/www.animamacau.org\/pt-pt\/wp-json\/wp\/v2\/comments?post=62692"}],"version-history":[{"count":4,"href":"https:\/\/www.animamacau.org\/pt-pt\/wp-json\/wp\/v2\/posts\/62692\/revisions"}],"predecessor-version":[{"id":62693,"href":"https:\/\/www.animamacau.org\/pt-pt\/wp-json\/wp\/v2\/posts\/62692\/revisions\/62693"}],"wp:featuredmedia":[{"embeddable":true,"href":"https:\/\/www.animamacau.org\/pt-pt\/wp-json\/wp\/v2\/media\/60041"}],"wp:attachment":[{"href":"https:\/\/www.animamacau.org\/pt-pt\/wp-json\/wp\/v2\/media?parent=62692"}],"wp:term":[{"taxonomy":"category","embeddable":true,"href":"https:\/\/www.animamacau.org\/pt-pt\/wp-json\/wp\/v2\/categories?post=62692"},{"taxonomy":"post_tag","embeddable":true,"href":"https:\/\/www.animamacau.org\/pt-pt\/wp-json\/wp\/v2\/tags?post=62692"}],"curies":[{"name":"wp","href":"https:\/\/api.w.org\/{rel}","templated":true}]}}