{"id":62855,"date":"2017-09-11T09:06:22","date_gmt":"2017-09-11T09:06:22","guid":{"rendered":"http:\/\/animamacau.org\/\/sem-categoria\/anima-september-adoption-spp1925-stefan-2\/"},"modified":"2017-11-07T08:34:27","modified_gmt":"2017-11-07T08:34:27","slug":"anima-september-adoption-spp1925-stefan","status":"publish","type":"post","link":"https:\/\/www.animamacau.org\/pt-pt\/anima-september-adoption-spp1925-stefan\/","title":{"rendered":"Anima\u2013Adop\u00e7\u00e3o de Setembro (SPP1925-Stefan)!"},"content":{"rendered":"<p><strong>&lt;11-09-2017&gt;<\/strong><br \/>\n<span style=\"color: #0000ff\"><em><strong>Stefan foi adoptado pela Sra. Jenny Vong a 11 de Setembro de 2017!<br \/>\n<\/strong><\/em><\/span><br \/>\n<span style=\"color: #ff0000\">SPP1925-Stefan (M), com cerca de tr\u00eas anos de idade, agora sob o nosso Programa de Protec\u00e7\u00e3o Especial, foi resgatado pela Anima a 4 de Setembro de 2017, ap\u00f3s uma chamada da Sra. Hoi dizendo que um c\u00e3o foi atropelado por um carro.<\/span><br \/>\n<span style=\"color: #ff0000\">SPP1925-Stefan ficou paralizado, pois a coluna vertebral estava partida.<\/span><br \/>\n<span style=\"color: #ff0000\">Ap\u00f3s v\u00e1rias opini\u00f5es veterin\u00e1rias, a \u00faltima recomenda\u00e7\u00e3o a fazer ao inv\u00e9s de uma cirurgia foi recorrer a fisioterapia.<\/span><br \/>\n<span style=\"color: #0000ff\"><em><strong>Felizmente a nossa amiga, Sra. Vong aceitou tomar conta dele e assumir a responsabilidade do tratamento.<\/strong><\/em><\/span><br \/>\n<span style=\"color: #0000ff\"><em><strong>As despesas ser\u00e3o repartidas pela Anima e pela Sra. Vong.<\/strong><\/em><\/span><br \/>\n<span style=\"color: #ff0000\">Continua em vigor uma Campanha de Ajuda ao Stefan!<\/span><br \/>\n<span style=\"color: #ff0000\">A Campanha ir\u00e1 terminar no fim deste m\u00eas.<\/span><br \/>\n<span style=\"color: #ff0000\">Todos os fundos ser\u00e3o transferidos para a conta de Jenny Vong no final de Setembro.<\/span><br \/>\n<span style=\"color: #ff0000\">Se fizer o donativo para o Stefan, queira informar-nos e n\u00f3s faremos uma actualiza\u00e7\u00e3o na lista todas as semanas!<\/span><br \/>\n<span style=\"color: #0000ff\"><em><strong>Obrigada, Sra. Jenny Vong!<\/strong><\/em><\/span><\/p>\n<p><strong><em>Por favor, ajude-nos a ajud\u00e1-los!<\/em><\/strong><br \/>\n<strong><em>Ao adoptar, est\u00e1 a salvar animais em risco!<\/em><\/strong><\/p>\n<p>&nbsp;<\/p>\n<p>&nbsp;<\/p>\n<p><span style=\"color: #ff0000\"><em>Ajude-nos doando para:<\/em> <\/span><br \/>\n<strong><span style=\"color: #ff0000\">ANIMA \u2013 Sociedade Protectora dos Animais de Macau<\/span><\/strong><br \/>\n<span style=\"color: #ff0000\">para as seguintes contas:<\/span><br \/>\n<span style=\"color: #ff0000\"><span style=\"color: #0000ff\"><strong>Banco Nacional Ultramarino<\/strong><\/span>, MOP conta n\u00famero 9003472840<\/span><br \/>\n<span style=\"color: #ff0000\"><span style=\"color: #0000ff\"><strong>Banco da China<\/strong><\/span>, MOP conta n\u00famero 01-01-20-794318<\/span><br \/>\n<span style=\"color: #ff0000\"><span style=\"color: #0000ff\"><strong>ICBC<\/strong><\/span>, MOP conta n\u00famero 0119100200000960934<\/span><br \/>\n<span style=\"color: #ff0000\">(ICBC jetco, favor de n\u00e3o inserir os tr\u00eas primeiros d\u00edgitos)<\/span><br \/>\n<span style=\"color: #ff0000\"><span style=\"color: #0000ff\"><strong>Banco Tai Fung<\/strong><\/span>, MOP conta n\u00famero 201-1-10530-7<\/span><br \/>\n<span style=\"color: #ff0000\"><span style=\"color: #0000ff\"><strong>Banco Tai Fung<\/strong><\/span>, HKD conta n\u00famero 101-1-12983-3<\/span><br \/>\n<em><span style=\"color: #ff0000\">e informe-nos da sua doa\u00e7\u00e3o para anima@macau.ctm.net ou info@animamacau.org<\/span><\/em><\/p>\n\n\t\t<style type=\"text\/css\">\n\t\t\t#gallery-2 {\n\t\t\t\tmargin: auto;\n\t\t\t}\n\t\t\t#gallery-2 .gallery-item {\n\t\t\t\tfloat: left;\n\t\t\t\tmargin-top: 10px;\n\t\t\t\ttext-align: center;\n\t\t\t\twidth: 33%;\n\t\t\t}\n\t\t\t#gallery-2 img {\n\t\t\t\tborder: 2px solid #cfcfcf;\n\t\t\t}\n\t\t\t#gallery-2 .gallery-caption {\n\t\t\t\tmargin-left: 0;\n\t\t\t}\n\t\t\t\/* see gallery_shortcode() in wp-includes\/media.php *\/\n\t\t<\/style>\n\t\t<div id='gallery-2' class='gallery galleryid-62855 gallery-columns-3 gallery-size-thumbnail'><dl class='gallery-item'>\n\t\t\t<dt class='gallery-icon landscape'>\n\t\t\t\t<a href='https:\/\/www.animamacau.org\/pt-pt\/anima-september-adoption-spp1925-stefan\/spp1925-stefan-4-3\/'><img loading=\"lazy\" decoding=\"async\" width=\"150\" height=\"150\" src=\"https:\/\/www.animamacau.org\/wp-content\/uploads\/2017\/09\/SPP1925-Stefan1-150x150.jpg\" class=\"attachment-thumbnail size-thumbnail\" alt=\"\" \/><\/a>\n\t\t\t<\/dt><\/dl><dl class='gallery-item'>\n\t\t\t<dt class='gallery-icon landscape'>\n\t\t\t\t<a href='https:\/\/www.animamacau.org\/pt-pt\/anima-september-rescue-spp1925-stefan\/spp1925-stefan-3\/'><img loading=\"lazy\" decoding=\"async\" width=\"150\" height=\"150\" src=\"https:\/\/www.animamacau.org\/wp-content\/uploads\/2017\/09\/SPP1925-Stefan-150x150.jpg\" class=\"attachment-thumbnail size-thumbnail\" alt=\"\" \/><\/a>\n\t\t\t<\/dt><\/dl>\n\t\t\t<br style='clear: both' \/>\n\t\t<\/div>\n\n<p><a href=\"http:\/\/animamacau.org\/\/wp-content\/uploads\/2017\/09\/SPP1925-Stefan-11.jpg\"><img loading=\"lazy\" decoding=\"async\" class=\"alignnone size-large wp-image-60251\" src=\"http:\/\/animamacau.org\/\/wp-content\/uploads\/2017\/09\/SPP1925-Stefan-11-577x1024.jpg\" alt=\"SPP1925-Stefan (11)\" width=\"577\" height=\"1024\" srcset=\"https:\/\/www.animamacau.org\/wp-content\/uploads\/2017\/09\/SPP1925-Stefan-11-577x1024.jpg 577w, https:\/\/www.animamacau.org\/wp-content\/uploads\/2017\/09\/SPP1925-Stefan-11-169x300.jpg 169w, https:\/\/www.animamacau.org\/wp-content\/uploads\/2017\/09\/SPP1925-Stefan-11.jpg 901w\" sizes=\"auto, (max-width: 577px) 100vw, 577px\" \/><\/a><\/p>\n","protected":false},"excerpt":{"rendered":"<p>&lt;11-09-2017&gt; Stefan foi adoptado pela Sra. Jenny Vong a 11 de Setembro de 2017! SPP1925-Stefan (M), com cerca de tr\u00eas anos de idade, agora sob o nosso Programa de Protec\u00e7\u00e3o Especial, foi resgatado pela Anima a 4 de Setembro de 2017, ap\u00f3s uma chamada da Sra. Hoi dizendo que um c\u00e3o foi atropelado por um carro. SPP1925-Stefan ficou paralizado, pois a coluna vertebral estava partida. Ap\u00f3s v\u00e1rias opini\u00f5es veterin\u00e1rias, a \u00faltima recomenda\u00e7\u00e3o a fazer ao inv\u00e9s de uma cirurgia foi recorrer a fisioterapia. Felizmente a nossa amiga, Sra. Vong aceitou tomar conta dele e assumir a responsabilidade do tratamento. As despesas ser\u00e3o repartidas pela Anima e pela Sra. Vong. Continua em vigor uma Campanha de Ajuda ao Stefan! A Campanha ir\u00e1 terminar no fim deste m\u00eas. Todos os fundos ser\u00e3o transferidos para a conta de Jenny Vong no final de Setembro. Se fizer o donativo&#8230;<\/p>\n","protected":false},"author":10,"featured_media":60247,"comment_status":"closed","ping_status":"open","sticky":false,"template":"","format":"gallery","meta":{"_acf_changed":false,"footnotes":""},"categories":[284,271],"tags":[],"class_list":["post-62855","post","type-post","status-publish","format-gallery","has-post-thumbnail","hentry","category-finais-felizes","category-noticias","post_format-post-format-gallery"],"acf":[],"_links":{"self":[{"href":"https:\/\/www.animamacau.org\/pt-pt\/wp-json\/wp\/v2\/posts\/62855","targetHints":{"allow":["GET"]}}],"collection":[{"href":"https:\/\/www.animamacau.org\/pt-pt\/wp-json\/wp\/v2\/posts"}],"about":[{"href":"https:\/\/www.animamacau.org\/pt-pt\/wp-json\/wp\/v2\/types\/post"}],"author":[{"embeddable":true,"href":"https:\/\/www.animamacau.org\/pt-pt\/wp-json\/wp\/v2\/users\/10"}],"replies":[{"embeddable":true,"href":"https:\/\/www.animamacau.org\/pt-pt\/wp-json\/wp\/v2\/comments?post=62855"}],"version-history":[{"count":2,"href":"https:\/\/www.animamacau.org\/pt-pt\/wp-json\/wp\/v2\/posts\/62855\/revisions"}],"predecessor-version":[{"id":62857,"href":"https:\/\/www.animamacau.org\/pt-pt\/wp-json\/wp\/v2\/posts\/62855\/revisions\/62857"}],"wp:featuredmedia":[{"embeddable":true,"href":"https:\/\/www.animamacau.org\/pt-pt\/wp-json\/wp\/v2\/media\/60247"}],"wp:attachment":[{"href":"https:\/\/www.animamacau.org\/pt-pt\/wp-json\/wp\/v2\/media?parent=62855"}],"wp:term":[{"taxonomy":"category","embeddable":true,"href":"https:\/\/www.animamacau.org\/pt-pt\/wp-json\/wp\/v2\/categories?post=62855"},{"taxonomy":"post_tag","embeddable":true,"href":"https:\/\/www.animamacau.org\/pt-pt\/wp-json\/wp\/v2\/tags?post=62855"}],"curies":[{"name":"wp","href":"https:\/\/api.w.org\/{rel}","templated":true}]}}