{"id":62890,"date":"2017-09-15T04:34:43","date_gmt":"2017-09-15T04:34:43","guid":{"rendered":"http:\/\/animamacau.org\/\/sem-categoria\/anima-september-sad-news-c1336-monie-2\/"},"modified":"2017-11-08T02:09:42","modified_gmt":"2017-11-08T02:09:42","slug":"anima-september-sad-news-c1336-monie","status":"publish","type":"post","link":"https:\/\/www.animamacau.org\/pt-pt\/anima-september-sad-news-c1336-monie\/","title":{"rendered":"Anima\u2013Not\u00edcias Tristes de Setembro (C1336-Monie)!"},"content":{"rendered":"<p><strong>&lt;15-09-2017&gt;<\/strong><br \/>\n<strong><em><span style=\"color: #0000ff\">C1336-Monie (F), com quatro anos de idade na altura, foi resgatada pela Anima a 14 de Novembro de 2016 ap\u00f3s uma chamada da Sra. Leong por volta das 7 horas da tarde dizendo que um gato ferido e coxo foi encontrado na Av. do Hip\u00f3dromo.<\/span> <\/em><\/strong><br \/>\n<span style=\"color: #ff0000\">Monie foi levada a uma cl\u00ednica para fazer raios-X.<\/span><br \/>\n<span style=\"color: #ff0000\">Ficou connosco desde ent\u00e3o.<\/span><br \/>\n<em><strong><span style=\"color: #0000ff\">C1336-Monie foi acolhida a 2 de Setembro de 2017. Contudo, foi trazida de volta para a Anima a uma consulta no dia 11 de Setembro, por n\u00e3o estar a comer.<\/span><br \/>\n<\/strong><\/em><span style=\"color: #ff0000\">Estava desidratada, tinha gengivivite e uma infe\u00e7\u00e3o respirat\u00f3ria.<\/span><br \/>\n<span style=\"color: #ff0000\">Tinha tamb\u00e9m um corrimento nasal e oftalmol\u00f3gico. <\/span><br \/>\n<span style=\"color: #ff0000\">Infelizmente, C1336-Monie faleceu esta manh\u00e3.<\/span><br \/>\n<span style=\"color: #0000ff\"><em><strong>Descansa em paz, minha amiga!<\/strong><\/em><\/span><\/p>\n<p>&nbsp;<\/p>\n<p><em><strong>Por favor, ajude-nos a ajud\u00e1-los!<\/strong><\/em><br \/>\n<em><strong>Nunca abandone o seu animal de estima\u00e7\u00e3o! Abandonar um animal de estima\u00e7\u00e3o \u00e9 abandonar um membro da fam\u00edlia!<\/strong><\/em><\/p>\n<p>&nbsp;<\/p>\n<p>&nbsp;<\/p>\n<p><span style=\"color: #ff0000\"><em>Ajude-nos doando para:<\/em> <\/span><br \/>\n<strong><span style=\"color: #ff0000\">ANIMA \u2013 Sociedade Protectora dos Animais de Macau<\/span><\/strong><br \/>\n<span style=\"color: #ff0000\">para as seguintes contas:<\/span><br \/>\n<span style=\"color: #ff0000\"><span style=\"color: #0000ff\"><strong>Banco Nacional Ultramarino<\/strong><\/span>, MOP conta n\u00famero 9003472840<\/span><br \/>\n<span style=\"color: #ff0000\"><span style=\"color: #0000ff\"><strong>Banco da China<\/strong><\/span>, MOP conta n\u00famero 01-01-20-794318<\/span><br \/>\n<span style=\"color: #ff0000\"><span style=\"color: #0000ff\"><strong>ICBC<\/strong><\/span>, MOP conta n\u00famero 0119100200000960934<\/span><br \/>\n<span style=\"color: #ff0000\">(ICBC jetco, favor de n\u00e3o inserir os tr\u00eas primeiros d\u00edgitos)<\/span><br \/>\n<span style=\"color: #ff0000\"><span style=\"color: #0000ff\"><strong>Banco Tai Fung<\/strong><\/span>, MOP conta n\u00famero 201-1-10530-7<\/span><br \/>\n<span style=\"color: #ff0000\"><span style=\"color: #0000ff\"><strong>Banco Tai Fung<\/strong><\/span>, HKD conta n\u00famero 101-1-12983-3<\/span><br \/>\n<em><span style=\"color: #ff0000\">e informe-nos da sua doa\u00e7\u00e3o para anima@macau.ctm.net ou info@animamacau.org<\/span><\/em><\/p>\n<p><span style=\"color: #ff0000\">\u00a0<\/span><\/p>\n\n\t\t<style type=\"text\/css\">\n\t\t\t#gallery-2 {\n\t\t\t\tmargin: auto;\n\t\t\t}\n\t\t\t#gallery-2 .gallery-item {\n\t\t\t\tfloat: left;\n\t\t\t\tmargin-top: 10px;\n\t\t\t\ttext-align: center;\n\t\t\t\twidth: 33%;\n\t\t\t}\n\t\t\t#gallery-2 img {\n\t\t\t\tborder: 2px solid #cfcfcf;\n\t\t\t}\n\t\t\t#gallery-2 .gallery-caption {\n\t\t\t\tmargin-left: 0;\n\t\t\t}\n\t\t\t\/* see gallery_shortcode() in wp-includes\/media.php *\/\n\t\t<\/style>\n\t\t<div id='gallery-2' class='gallery galleryid-62890 gallery-columns-3 gallery-size-thumbnail'><dl class='gallery-item'>\n\t\t\t<dt class='gallery-icon landscape'>\n\t\t\t\t<a href='https:\/\/www.animamacau.org\/pt-pt\/anima-november-rescue-c1336-monie\/c1336-monie-4\/'><img loading=\"lazy\" decoding=\"async\" width=\"150\" height=\"150\" src=\"https:\/\/www.animamacau.org\/wp-content\/uploads\/2016\/11\/C1336-Monie-150x150.jpg\" class=\"attachment-thumbnail size-thumbnail\" alt=\"\" \/><\/a>\n\t\t\t<\/dt><\/dl><dl class='gallery-item'>\n\t\t\t<dt class='gallery-icon landscape'>\n\t\t\t\t<a href='https:\/\/www.animamacau.org\/pt-pt\/anima-november-rescue-c1336-monie\/c1336-monie-2-3\/'><img loading=\"lazy\" decoding=\"async\" width=\"150\" height=\"150\" src=\"https:\/\/www.animamacau.org\/wp-content\/uploads\/2016\/11\/C1336-Monie-2-150x150.jpg\" class=\"attachment-thumbnail size-thumbnail\" alt=\"\" \/><\/a>\n\t\t\t<\/dt><\/dl>\n\t\t\t<br style='clear: both' \/>\n\t\t<\/div>\n\n","protected":false},"excerpt":{"rendered":"<p>&lt;15-09-2017&gt; C1336-Monie (F), com quatro anos de idade na altura, foi resgatada pela Anima a 14 de Novembro de 2016 ap\u00f3s uma chamada da Sra. Leong por volta das 7 horas da tarde dizendo que um gato ferido e coxo foi encontrado na Av. do Hip\u00f3dromo. Monie foi levada a uma cl\u00ednica para fazer raios-X. Ficou connosco desde ent\u00e3o. C1336-Monie foi acolhida a 2 de Setembro de 2017. Contudo, foi trazida de volta para a Anima a uma consulta no dia 11 de Setembro, por n\u00e3o estar a comer. Estava desidratada, tinha gengivivite e uma infe\u00e7\u00e3o respirat\u00f3ria. Tinha tamb\u00e9m um corrimento nasal e oftalmol\u00f3gico. Infelizmente, C1336-Monie faleceu esta manh\u00e3. Descansa em paz, minha amiga! &nbsp; Por favor, ajude-nos a ajud\u00e1-los! Nunca abandone o seu animal de estima\u00e7\u00e3o! Abandonar um animal de estima\u00e7\u00e3o \u00e9 abandonar um membro da fam\u00edlia! &nbsp; &nbsp; Ajude-nos doando para: ANIMA \u2013&#8230;<\/p>\n","protected":false},"author":16,"featured_media":43720,"comment_status":"closed","ping_status":"open","sticky":false,"template":"","format":"gallery","meta":{"_acf_changed":false,"footnotes":""},"categories":[280,271],"tags":[],"class_list":["post-62890","post","type-post","status-publish","format-gallery","has-post-thumbnail","hentry","category-falecidos","category-noticias","post_format-post-format-gallery"],"acf":[],"_links":{"self":[{"href":"https:\/\/www.animamacau.org\/pt-pt\/wp-json\/wp\/v2\/posts\/62890","targetHints":{"allow":["GET"]}}],"collection":[{"href":"https:\/\/www.animamacau.org\/pt-pt\/wp-json\/wp\/v2\/posts"}],"about":[{"href":"https:\/\/www.animamacau.org\/pt-pt\/wp-json\/wp\/v2\/types\/post"}],"author":[{"embeddable":true,"href":"https:\/\/www.animamacau.org\/pt-pt\/wp-json\/wp\/v2\/users\/16"}],"replies":[{"embeddable":true,"href":"https:\/\/www.animamacau.org\/pt-pt\/wp-json\/wp\/v2\/comments?post=62890"}],"version-history":[{"count":2,"href":"https:\/\/www.animamacau.org\/pt-pt\/wp-json\/wp\/v2\/posts\/62890\/revisions"}],"predecessor-version":[{"id":62892,"href":"https:\/\/www.animamacau.org\/pt-pt\/wp-json\/wp\/v2\/posts\/62890\/revisions\/62892"}],"wp:featuredmedia":[{"embeddable":true,"href":"https:\/\/www.animamacau.org\/pt-pt\/wp-json\/wp\/v2\/media\/43720"}],"wp:attachment":[{"href":"https:\/\/www.animamacau.org\/pt-pt\/wp-json\/wp\/v2\/media?parent=62890"}],"wp:term":[{"taxonomy":"category","embeddable":true,"href":"https:\/\/www.animamacau.org\/pt-pt\/wp-json\/wp\/v2\/categories?post=62890"},{"taxonomy":"post_tag","embeddable":true,"href":"https:\/\/www.animamacau.org\/pt-pt\/wp-json\/wp\/v2\/tags?post=62890"}],"curies":[{"name":"wp","href":"https:\/\/api.w.org\/{rel}","templated":true}]}}