{"id":62896,"date":"2017-09-15T04:41:26","date_gmt":"2017-09-15T04:41:26","guid":{"rendered":"http:\/\/animamacau.org\/\/sem-categoria\/anima-september-sad-news-c1663-dana-2\/"},"modified":"2017-11-08T02:49:59","modified_gmt":"2017-11-08T02:49:59","slug":"anima-september-sad-news-c1663-dana","status":"publish","type":"post","link":"https:\/\/www.animamacau.org\/pt-pt\/anima-september-sad-news-c1663-dana\/","title":{"rendered":"Anima\u2013Not\u00edcias Tristes de Setembro (C1663-Dana)!"},"content":{"rendered":"<p><strong>&lt;15-09-2017&gt;<\/strong><br \/>\n<strong><span style=\"color: #0000ff\"><em>C1662-DiDi (F), cerca de dois anos de idade, C1663-Dana (F), C1664-Dacia (F), ambos com cerca de um ano de idade, C1665-Daylon (M), cerca de quatro anos de idade, C1666-Darins (M), com aproximadamente um ano de idade, C1667-Denni (M), com cerca de dois anos de idade, foram resgatdos pela Anima a 24 de Julho de 2017, ap\u00f3s uma chamada do IACM alegando que j\u00e1 n\u00e3o tinham mais espa\u00e7o para os gatos.<\/em> <\/span><\/strong><br \/>\n<span style=\"color: #ff0000\">Todos est\u00e3o esterilizados e vacinados pelo IACM.<\/span><br \/>\n<span style=\"color: #0000ff\"><strong>Dana foi enviada a uma cl\u00ednica a 13 de Setembro de 2017 , uma vez que a sua sa\u00fade estava a piorar.<\/strong><\/span><br \/>\n<span style=\"color: #ff0000\">Tinha anemia, diabetes e um problema renal.<\/span><br \/>\n<span style=\"color: #ff0000\">Estava a sofrer, tinha de ser for\u00e7ada a comer e estava incapaz de se mover. <\/span><br \/>\n<span style=\"color: #ff0000\">Ap\u00f3s discuss\u00e3o com o nosso veterin\u00e1rio e a aprova\u00e7\u00e3o de dois membros da Anima tom\u00e1mos a infeliz decis\u00e3o de eutanazi\u00e1-la.<\/span><br \/>\n<span style=\"color: #ff0000\">Esta \u00faltima decis\u00e3o pretence sempre ao presidente da Anima e, nem sempre \u00e9 f\u00e1cil!<\/span><br \/>\n<span style=\"color: #0000ff\"><em><strong>Descansa em paz, minha amiga!<\/strong><\/em><\/span><\/p>\n<p>&nbsp;<\/p>\n<p><em><strong>Por favor, ajude-nos a ajud\u00e1-los!<\/strong><\/em><br \/>\n<em><strong>Nunca abandone o seu animal de estima\u00e7\u00e3o! Abandonar um animal de estima\u00e7\u00e3o \u00e9 abandonar um membro da fam\u00edlia!<\/strong><\/em><\/p>\n<p>&nbsp;<\/p>\n<p>&nbsp;<\/p>\n<p><span style=\"color: #ff0000\"><em>Ajude-nos doando para:<\/em> <\/span><br \/>\n<strong><span style=\"color: #ff0000\">ANIMA \u2013 Sociedade Protectora dos Animais de Macau<\/span><\/strong><br \/>\n<span style=\"color: #ff0000\">para as seguintes contas:<\/span><br \/>\n<span style=\"color: #ff0000\"><span style=\"color: #0000ff\"><strong>Banco Nacional Ultramarino<\/strong><\/span>, MOP conta n\u00famero 9003472840<\/span><br \/>\n<span style=\"color: #ff0000\"><span style=\"color: #0000ff\"><strong>Banco da China<\/strong><\/span>, MOP conta n\u00famero 01-01-20-794318<\/span><br \/>\n<span style=\"color: #ff0000\"><span style=\"color: #0000ff\"><strong>ICBC<\/strong><\/span>, MOP conta n\u00famero 0119100200000960934<\/span><br \/>\n<span style=\"color: #ff0000\">(ICBC jetco, favor de n\u00e3o inserir os tr\u00eas primeiros d\u00edgitos)<\/span><br \/>\n<span style=\"color: #ff0000\"><span style=\"color: #0000ff\"><strong>Banco Tai Fung<\/strong><\/span>, MOP conta n\u00famero 201-1-10530-7<\/span><br \/>\n<span style=\"color: #ff0000\"><span style=\"color: #0000ff\"><strong>Banco Tai Fung<\/strong><\/span>, HKD conta n\u00famero 101-1-12983-3<\/span><br \/>\n<em><span style=\"color: #ff0000\">e informe-nos da sua doa\u00e7\u00e3o para anima@macau.ctm.net ou info@animamacau.org<\/span><\/em><\/p>\n","protected":false},"excerpt":{"rendered":"<p>&lt;15-09-2017&gt; C1662-DiDi (F), cerca de dois anos de idade, C1663-Dana (F), C1664-Dacia (F), ambos com cerca de um ano de idade, C1665-Daylon (M), cerca de quatro anos de idade, C1666-Darins (M), com aproximadamente um ano de idade, C1667-Denni (M), com cerca de dois anos de idade, foram resgatdos pela Anima a 24 de Julho de 2017, ap\u00f3s uma chamada do IACM alegando que j\u00e1 n\u00e3o tinham mais espa\u00e7o para os gatos. Todos est\u00e3o esterilizados e vacinados pelo IACM. Dana foi enviada a uma cl\u00ednica a 13 de Setembro de 2017 , uma vez que a sua sa\u00fade estava a piorar. Tinha anemia, diabetes e um problema renal. Estava a sofrer, tinha de ser for\u00e7ada a comer e estava incapaz de se mover. Ap\u00f3s discuss\u00e3o com o nosso veterin\u00e1rio e a aprova\u00e7\u00e3o de dois membros da Anima tom\u00e1mos a infeliz decis\u00e3o de eutanazi\u00e1-la. Esta \u00faltima decis\u00e3o&#8230;<\/p>\n","protected":false},"author":16,"featured_media":57638,"comment_status":"closed","ping_status":"open","sticky":false,"template":"","format":"standard","meta":{"_acf_changed":false,"footnotes":""},"categories":[280,271],"tags":[],"class_list":["post-62896","post","type-post","status-publish","format-standard","has-post-thumbnail","hentry","category-falecidos","category-noticias"],"acf":[],"_links":{"self":[{"href":"https:\/\/www.animamacau.org\/pt-pt\/wp-json\/wp\/v2\/posts\/62896","targetHints":{"allow":["GET"]}}],"collection":[{"href":"https:\/\/www.animamacau.org\/pt-pt\/wp-json\/wp\/v2\/posts"}],"about":[{"href":"https:\/\/www.animamacau.org\/pt-pt\/wp-json\/wp\/v2\/types\/post"}],"author":[{"embeddable":true,"href":"https:\/\/www.animamacau.org\/pt-pt\/wp-json\/wp\/v2\/users\/16"}],"replies":[{"embeddable":true,"href":"https:\/\/www.animamacau.org\/pt-pt\/wp-json\/wp\/v2\/comments?post=62896"}],"version-history":[{"count":1,"href":"https:\/\/www.animamacau.org\/pt-pt\/wp-json\/wp\/v2\/posts\/62896\/revisions"}],"predecessor-version":[{"id":62897,"href":"https:\/\/www.animamacau.org\/pt-pt\/wp-json\/wp\/v2\/posts\/62896\/revisions\/62897"}],"wp:featuredmedia":[{"embeddable":true,"href":"https:\/\/www.animamacau.org\/pt-pt\/wp-json\/wp\/v2\/media\/57638"}],"wp:attachment":[{"href":"https:\/\/www.animamacau.org\/pt-pt\/wp-json\/wp\/v2\/media?parent=62896"}],"wp:term":[{"taxonomy":"category","embeddable":true,"href":"https:\/\/www.animamacau.org\/pt-pt\/wp-json\/wp\/v2\/categories?post=62896"},{"taxonomy":"post_tag","embeddable":true,"href":"https:\/\/www.animamacau.org\/pt-pt\/wp-json\/wp\/v2\/tags?post=62896"}],"curies":[{"name":"wp","href":"https:\/\/api.w.org\/{rel}","templated":true}]}}