{"id":63456,"date":"2017-10-06T06:07:02","date_gmt":"2017-10-06T06:07:02","guid":{"rendered":"http:\/\/animamacau.org\/\/sem-categoria\/anima-october-sad-news-sppc1416-barry-2\/"},"modified":"2017-11-15T06:54:46","modified_gmt":"2017-11-15T06:54:46","slug":"anima-october-sad-news-sppc1416-barry","status":"publish","type":"post","link":"https:\/\/www.animamacau.org\/pt-pt\/anima-october-sad-news-sppc1416-barry\/","title":{"rendered":"Anima\u2013Not\u00edcias Tristes de Outubro (SPPC1416-Barry)!"},"content":{"rendered":"<p><strong>&lt;06-10-2017&gt;<\/strong><br \/>\n<span style=\"color: #0000ff\"><strong><em>SPPC1416-Barry (M), na altura com cerca de tr\u00eas meses de idade, sob o nosso PPE e foi resgatado pela Anima a 5 de Fevereiro de 2017, ap\u00f3s uma chamada de Michele, dizendo que o seu amigo, Sr. Daniel encontrou um gatinho perto da Ponte 16 na noite anterior.<\/em><\/strong><\/span><br \/>\n<span style=\"color: #0000ff\"><strong><em>Barry foi visto pelo nosso veterin\u00e1rio e desparasitado.<\/em><\/strong><\/span><br \/>\n<span style=\"color: #0000ff\"><strong><em>Tinha diarreia e uma infec\u00e7\u00e3o respirat\u00f3ria na altura.<\/em><\/strong><\/span><br \/>\n<span style=\"color: #ff0000\">A 4 de Abril de 2017 foi encontrado com um olho inchado, conjunctivite e uma \u00falcera na c\u00f3rnea.<\/span><br \/>\n<span style=\"color: #ff0000\">N\u00e3o tinha for\u00e7a nos tend\u00f5es e ombro, pelo que tinha dificuldade em andar.<\/span><br \/>\n<span style=\"color: #ff0000\">Tamb\u00e9m tinha um fraco crescimento \u00f3sseo na sua pata dianteira.<\/span><br \/>\n<span style=\"color: #ff0000\">Andava a tomar analg\u00e9sicos j\u00e1 por um longo per\u00edodo de tempo, continuando a sofrer.<\/span><br \/>\n<span style=\"color: #ff0000\">Ap\u00f3s discuss\u00e3o com o nosso veterin\u00e1rio e a aprova\u00e7\u00e3o de dois membros da Anima tom\u00e1mos a infeliz decis\u00e3o de eutanasi\u00e1-lo.<\/span><br \/>\n<span style=\"color: #ff0000\">Esta \u00faltima decis\u00e3o pretence sempre ao presidente da Anima e, nem sempre \u00e9 f\u00e1cil!<\/span><br \/>\n<span style=\"color: #0000ff\"><strong><em>Descansa em paz, meu amigo!<\/em><\/strong><\/span><\/p>\n<p>&nbsp;<\/p>\n<p>&nbsp;<\/p>\n<p><em><strong>Por favor, ajude-nos a ajud\u00e1-los!<br \/>\n<\/strong><\/em><em><strong>Nunca abandone o seu animal de estima\u00e7\u00e3o! Abandonar um animal de estima\u00e7\u00e3o \u00e9 abandonar um membro da fam\u00edlia!<\/strong><\/em><\/p>\n<p>&nbsp;<\/p>\n<p>&nbsp;<\/p>\n<p><span style=\"color: #ff0000\"><em>Ajude-nos doando para:<\/em> <\/span><br \/>\n<strong><span style=\"color: #ff0000\">ANIMA \u2013 Sociedade Protectora dos Animais de Macau<\/span><\/strong><br \/>\n<span style=\"color: #ff0000\">para as seguintes contas:<\/span><br \/>\n<span style=\"color: #ff0000\"><span style=\"color: #0000ff\"><strong>Banco Nacional Ultramarino<\/strong><\/span>, MOP conta n\u00famero 9003472840<\/span><br \/>\n<span style=\"color: #ff0000\"><span style=\"color: #0000ff\"><strong>Banco da China<\/strong><\/span>, MOP conta n\u00famero 01-01-20-794318<\/span><br \/>\n<span style=\"color: #ff0000\"><span style=\"color: #0000ff\"><strong>ICBC<\/strong><\/span>, MOP conta n\u00famero 0119100200000960934<\/span><br \/>\n<span style=\"color: #ff0000\">(ICBC jetco, favor de n\u00e3o inserir os tr\u00eas primeiros d\u00edgitos)<\/span><br \/>\n<span style=\"color: #ff0000\"><span style=\"color: #0000ff\"><strong>Banco Tai Fung<\/strong><\/span>, MOP conta n\u00famero 201-1-10530-7<\/span><br \/>\n<span style=\"color: #ff0000\"><span style=\"color: #0000ff\"><strong>Banco Tai Fung<\/strong><\/span>, HKD conta n\u00famero 101-1-12983-3<\/span><br \/>\n<em><span style=\"color: #ff0000\">e informe-nos da sua doa\u00e7\u00e3o para anima@macau.ctm.net ou info@animamacau.org<\/span><\/em><\/p>\n\n\t\t<style type=\"text\/css\">\n\t\t\t#gallery-2 {\n\t\t\t\tmargin: auto;\n\t\t\t}\n\t\t\t#gallery-2 .gallery-item {\n\t\t\t\tfloat: left;\n\t\t\t\tmargin-top: 10px;\n\t\t\t\ttext-align: center;\n\t\t\t\twidth: 33%;\n\t\t\t}\n\t\t\t#gallery-2 img {\n\t\t\t\tborder: 2px solid #cfcfcf;\n\t\t\t}\n\t\t\t#gallery-2 .gallery-caption {\n\t\t\t\tmargin-left: 0;\n\t\t\t}\n\t\t\t\/* see gallery_shortcode() in wp-includes\/media.php *\/\n\t\t<\/style>\n\t\t<div id='gallery-2' class='gallery galleryid-63456 gallery-columns-3 gallery-size-thumbnail'><dl class='gallery-item'>\n\t\t\t<dt class='gallery-icon landscape'>\n\t\t\t\t<a href='https:\/\/www.animamacau.org\/pt-pt\/anima-may-rescue-sppc1416-barry\/sppc1416-barry-2-3-3\/'><img loading=\"lazy\" decoding=\"async\" width=\"150\" height=\"150\" src=\"https:\/\/www.animamacau.org\/wp-content\/uploads\/2017\/05\/SPPC1416-Barry-2-150x150.jpg\" class=\"attachment-thumbnail size-thumbnail\" alt=\"\" \/><\/a>\n\t\t\t<\/dt><\/dl><dl class='gallery-item'>\n\t\t\t<dt class='gallery-icon landscape'>\n\t\t\t\t<a href='https:\/\/www.animamacau.org\/pt-pt\/adoption\/1460-tasha\/sppc1416-barry-2-2-3\/'><img loading=\"lazy\" decoding=\"async\" width=\"150\" height=\"150\" src=\"https:\/\/www.animamacau.org\/wp-content\/uploads\/2017\/04\/SPPC1416-Barry-2-150x150.jpeg\" class=\"attachment-thumbnail size-thumbnail\" alt=\"\" \/><\/a>\n\t\t\t<\/dt><\/dl>\n\t\t\t<br style='clear: both' \/>\n\t\t<\/div>\n\n","protected":false},"excerpt":{"rendered":"<p>&lt;06-10-2017&gt; SPPC1416-Barry (M), na altura com cerca de tr\u00eas meses de idade, sob o nosso PPE e foi resgatado pela Anima a 5 de Fevereiro de 2017, ap\u00f3s uma chamada de Michele, dizendo que o seu amigo, Sr. Daniel encontrou um gatinho perto da Ponte 16 na noite anterior. Barry foi visto pelo nosso veterin\u00e1rio e desparasitado. Tinha diarreia e uma infec\u00e7\u00e3o respirat\u00f3ria na altura. A 4 de Abril de 2017 foi encontrado com um olho inchado, conjunctivite e uma \u00falcera na c\u00f3rnea. N\u00e3o tinha for\u00e7a nos tend\u00f5es e ombro, pelo que tinha dificuldade em andar. Tamb\u00e9m tinha um fraco crescimento \u00f3sseo na sua pata dianteira. Andava a tomar analg\u00e9sicos j\u00e1 por um longo per\u00edodo de tempo, continuando a sofrer. Ap\u00f3s discuss\u00e3o com o nosso veterin\u00e1rio e a aprova\u00e7\u00e3o de dois membros da Anima tom\u00e1mos a infeliz decis\u00e3o de eutanasi\u00e1-lo. Esta \u00faltima decis\u00e3o pretence sempre&#8230;<\/p>\n","protected":false},"author":16,"featured_media":51352,"comment_status":"closed","ping_status":"open","sticky":false,"template":"","format":"gallery","meta":{"_acf_changed":false,"footnotes":""},"categories":[280,271],"tags":[],"class_list":["post-63456","post","type-post","status-publish","format-gallery","has-post-thumbnail","hentry","category-falecidos","category-noticias","post_format-post-format-gallery"],"acf":[],"_links":{"self":[{"href":"https:\/\/www.animamacau.org\/pt-pt\/wp-json\/wp\/v2\/posts\/63456","targetHints":{"allow":["GET"]}}],"collection":[{"href":"https:\/\/www.animamacau.org\/pt-pt\/wp-json\/wp\/v2\/posts"}],"about":[{"href":"https:\/\/www.animamacau.org\/pt-pt\/wp-json\/wp\/v2\/types\/post"}],"author":[{"embeddable":true,"href":"https:\/\/www.animamacau.org\/pt-pt\/wp-json\/wp\/v2\/users\/16"}],"replies":[{"embeddable":true,"href":"https:\/\/www.animamacau.org\/pt-pt\/wp-json\/wp\/v2\/comments?post=63456"}],"version-history":[{"count":4,"href":"https:\/\/www.animamacau.org\/pt-pt\/wp-json\/wp\/v2\/posts\/63456\/revisions"}],"predecessor-version":[{"id":63457,"href":"https:\/\/www.animamacau.org\/pt-pt\/wp-json\/wp\/v2\/posts\/63456\/revisions\/63457"}],"wp:featuredmedia":[{"embeddable":true,"href":"https:\/\/www.animamacau.org\/pt-pt\/wp-json\/wp\/v2\/media\/51352"}],"wp:attachment":[{"href":"https:\/\/www.animamacau.org\/pt-pt\/wp-json\/wp\/v2\/media?parent=63456"}],"wp:term":[{"taxonomy":"category","embeddable":true,"href":"https:\/\/www.animamacau.org\/pt-pt\/wp-json\/wp\/v2\/categories?post=63456"},{"taxonomy":"post_tag","embeddable":true,"href":"https:\/\/www.animamacau.org\/pt-pt\/wp-json\/wp\/v2\/tags?post=63456"}],"curies":[{"name":"wp","href":"https:\/\/api.w.org\/{rel}","templated":true}]}}