{"id":63631,"date":"2017-10-16T07:32:06","date_gmt":"2017-10-16T07:32:06","guid":{"rendered":"http:\/\/animamacau.org\/\/sem-categoria\/anima-october-sad-news-c968-daysha-2\/"},"modified":"2017-11-21T02:27:49","modified_gmt":"2017-11-21T02:27:49","slug":"anima-october-sad-news-c968-daysha","status":"publish","type":"post","link":"https:\/\/www.animamacau.org\/pt-pt\/anima-october-sad-news-c968-daysha\/","title":{"rendered":"Anima\u2013Not\u00edcias Tristes de Outubro (C968-Daysha)!"},"content":{"rendered":"<p><strong>&lt;16-10-2017&gt;<\/strong><br \/>\n<span style=\"color: #0000ff\"><em><strong>C968-Daysha (F), com cerca de quatro anos de idade na altura, foi resgatada pela Anima a 16 de Junho de 2015, ap\u00f3s uma chamada da Sra. Koo e Sra. Lee.<\/strong><\/em><\/span><br \/>\n<span style=\"color: #ff0000\">Elas receavam que o gato tinha sido envenedado.<\/span><br \/>\n<span style=\"color: #ff0000\">Recolhemos a gata e esta ficou connosco desde ent\u00e3o.<\/span><br \/>\n<span style=\"color: #ff0000\">A 20 de Setembro de 2017 ela estava an\u00e9mica e com problemas de f\u00edgado.<\/span><br \/>\n<span style=\"color: #ff0000\">Era for\u00e7ada a comer e estava a soro por muito tempo devido a desidrata\u00e7\u00e3o.<\/span><br \/>\n<span style=\"color: #ff0000\">Ap\u00f3s discuss\u00e3o com o nosso veterin\u00e1rio e a aprova\u00e7\u00e3o de dois membros da Anima tom\u00e1mos a infeliz decis\u00e3o de eutanasi\u00e1-la.<\/span><br \/>\n<span style=\"color: #ff0000\">Esta \u00faltima decis\u00e3o pretence sempre ao presidente da Anima e, nem sempre \u00e9 f\u00e1cil!<\/span><br \/>\n<span style=\"color: #0000ff\"><em><strong>Descansa em paz, minha amiga!<\/strong><\/em><\/span><\/p>\n<p><span style=\"color: #000000\"><em><strong>Por favor, ajude-nos a ajud\u00e1-los!<\/strong><\/em><\/span><br \/>\n<span style=\"color: #000000\"><em><strong>Nunca abandone o seu animal de estima\u00e7\u00e3o! Abandonar um animal de estima\u00e7\u00e3o \u00e9 abandonar um membro da fam\u00edlia!<\/strong><\/em><\/span><\/p>\n<p>&nbsp;<\/p>\n<p>&nbsp;<\/p>\n<p><span style=\"color: #ff0000\"><em>Ajude-nos doando para:<\/em> <\/span><br \/>\n<strong><span style=\"color: #ff0000\">ANIMA \u2013 Sociedade Protectora dos Animais de Macau<\/span><\/strong><br \/>\n<span style=\"color: #ff0000\">para as seguintes contas:<\/span><br \/>\n<span style=\"color: #ff0000\"><span style=\"color: #0000ff\"><strong>Banco Nacional Ultramarino<\/strong><\/span>, MOP conta n\u00famero 9003472840<\/span><br \/>\n<span style=\"color: #ff0000\"><span style=\"color: #0000ff\"><strong>Banco da China<\/strong><\/span>, MOP conta n\u00famero 01-01-20-794318<\/span><br \/>\n<span style=\"color: #ff0000\"><span style=\"color: #0000ff\"><strong>ICBC<\/strong><\/span>, MOP conta n\u00famero 0119100200000960934<\/span><br \/>\n<span style=\"color: #ff0000\">(ICBC jetco, favor de n\u00e3o inserir os tr\u00eas primeiros d\u00edgitos)<\/span><br \/>\n<span style=\"color: #ff0000\"><span style=\"color: #0000ff\"><strong>Banco Tai Fung<\/strong><\/span>, MOP conta n\u00famero 201-1-10530-7<\/span><br \/>\n<span style=\"color: #ff0000\"><span style=\"color: #0000ff\"><strong>Banco Tai Fung<\/strong><\/span>, HKD conta n\u00famero 101-1-12983-3<\/span><br \/>\n<span style=\"color: #ff0000\"><span style=\"color: #0000ff\"><strong>Paypal<\/strong><\/span>, albano@animamacau.org<\/span><br \/>\n<em><span style=\"color: #ff0000\">e informe-nos da sua doa\u00e7\u00e3o para anima@macau.ctm.net ou info@animamacau.org<\/span><\/em><\/p>\n","protected":false},"excerpt":{"rendered":"<p>&lt;16-10-2017&gt; C968-Daysha (F), com cerca de quatro anos de idade na altura, foi resgatada pela Anima a 16 de Junho de 2015, ap\u00f3s uma chamada da Sra. Koo e Sra. Lee. Elas receavam que o gato tinha sido envenedado. Recolhemos a gata e esta ficou connosco desde ent\u00e3o. A 20 de Setembro de 2017 ela estava an\u00e9mica e com problemas de f\u00edgado. Era for\u00e7ada a comer e estava a soro por muito tempo devido a desidrata\u00e7\u00e3o. Ap\u00f3s discuss\u00e3o com o nosso veterin\u00e1rio e a aprova\u00e7\u00e3o de dois membros da Anima tom\u00e1mos a infeliz decis\u00e3o de eutanasi\u00e1-la. Esta \u00faltima decis\u00e3o pretence sempre ao presidente da Anima e, nem sempre \u00e9 f\u00e1cil! Descansa em paz, minha amiga! Por favor, ajude-nos a ajud\u00e1-los! Nunca abandone o seu animal de estima\u00e7\u00e3o! Abandonar um animal de estima\u00e7\u00e3o \u00e9 abandonar um membro da fam\u00edlia! &nbsp; &nbsp; Ajude-nos doando para: ANIMA \u2013&#8230;<\/p>\n","protected":false},"author":16,"featured_media":63634,"comment_status":"closed","ping_status":"open","sticky":false,"template":"","format":"standard","meta":{"_acf_changed":false,"footnotes":""},"categories":[280,271],"tags":[],"class_list":["post-63631","post","type-post","status-publish","format-standard","has-post-thumbnail","hentry","category-falecidos","category-noticias"],"acf":[],"_links":{"self":[{"href":"https:\/\/www.animamacau.org\/pt-pt\/wp-json\/wp\/v2\/posts\/63631","targetHints":{"allow":["GET"]}}],"collection":[{"href":"https:\/\/www.animamacau.org\/pt-pt\/wp-json\/wp\/v2\/posts"}],"about":[{"href":"https:\/\/www.animamacau.org\/pt-pt\/wp-json\/wp\/v2\/types\/post"}],"author":[{"embeddable":true,"href":"https:\/\/www.animamacau.org\/pt-pt\/wp-json\/wp\/v2\/users\/16"}],"replies":[{"embeddable":true,"href":"https:\/\/www.animamacau.org\/pt-pt\/wp-json\/wp\/v2\/comments?post=63631"}],"version-history":[{"count":2,"href":"https:\/\/www.animamacau.org\/pt-pt\/wp-json\/wp\/v2\/posts\/63631\/revisions"}],"predecessor-version":[{"id":63633,"href":"https:\/\/www.animamacau.org\/pt-pt\/wp-json\/wp\/v2\/posts\/63631\/revisions\/63633"}],"wp:featuredmedia":[{"embeddable":true,"href":"https:\/\/www.animamacau.org\/pt-pt\/wp-json\/wp\/v2\/media\/63634"}],"wp:attachment":[{"href":"https:\/\/www.animamacau.org\/pt-pt\/wp-json\/wp\/v2\/media?parent=63631"}],"wp:term":[{"taxonomy":"category","embeddable":true,"href":"https:\/\/www.animamacau.org\/pt-pt\/wp-json\/wp\/v2\/categories?post=63631"},{"taxonomy":"post_tag","embeddable":true,"href":"https:\/\/www.animamacau.org\/pt-pt\/wp-json\/wp\/v2\/tags?post=63631"}],"curies":[{"name":"wp","href":"https:\/\/api.w.org\/{rel}","templated":true}]}}