{"id":63911,"date":"2017-10-26T04:25:18","date_gmt":"2017-10-26T04:25:18","guid":{"rendered":"http:\/\/animamacau.org\/\/sem-categoria\/anima-october-sad-news-c1738-baldrick-2\/"},"modified":"2017-11-22T04:31:11","modified_gmt":"2017-11-22T04:31:11","slug":"anima-october-sad-news-c1738-baldrick","status":"publish","type":"post","link":"https:\/\/www.animamacau.org\/pt-pt\/anima-october-sad-news-c1738-baldrick\/","title":{"rendered":"Anima\u2013Not\u00edcias Tristes de Outubro (C1738-Baldrick)!"},"content":{"rendered":"<p><strong>&lt;26-10-2017&gt;<\/strong><br \/>\n<span style=\"color: #0000ff\"><em><strong>C1738-Baldrick (M), com cerca de um ano de idade, foi resgatado pela Anima a 25 de Outubro de 2017, ap\u00f3s uma chamada do Sr. Fong dizendo que encontrou um gato ferido e a rastejar pela rua.<\/strong><\/em><\/span><br \/>\n<span style=\"color: #ff0000\">Trouxe-o para a Anima.<\/span><br \/>\n<span style=\"color: #ff0000\">C1738-Baldrick n\u00e3o tinha sensibilidade nas patas, por isso foi transportado para uma cl\u00ednica.<\/span><br \/>\n<span style=\"color: #ff0000\">Baldrick tem uma fractura na anca e uma abertura no diafragma.<\/span><br \/>\n<span style=\"color: #ff0000\">Alguns org\u00e3os da zona abdominal est\u00e3o demasiado junto dos pulm\u00f5es dificultando o seu normal funcionamento.<\/span><br \/>\n<span style=\"color: #ff0000\">Tamb\u00e9m tem pequenas feridas na pele.<\/span><br \/>\n<span style=\"color: #ff0000\">Ficou numa cl\u00ednica sob observa\u00e7\u00e3o.<\/span><br \/>\n<span style=\"color: #0000ff\"><em><strong>Ap\u00f3s a opini\u00e3o do veterin\u00e1rio, envi\u00e1mo-lo a uma segunda cl\u00ednica para segunda opini\u00e3o veterin\u00e1ria.<\/strong><\/em><\/span><br \/>\n<span style=\"color: #ff0000\">Ambos sugeriram uma cirurgia a Baldrick. Contudo, havia um grande risco de ele n\u00e3o melhorar.<\/span><br \/>\n<span style=\"color: #ff0000\">Est\u00e1 demasiado fraco, de momento e entrou em sofrimento.<\/span><br \/>\n<span style=\"color: #ff0000\">Ap\u00f3s discuss\u00e3o com o nosso veterin\u00e1rio e a aprova\u00e7\u00e3o de dois membros da Anima tom\u00e1mos a infeliz decis\u00e3o de eutanasi\u00e1-lo.<\/span><br \/>\n<span style=\"color: #ff0000\">Esta \u00faltima decis\u00e3o pretence sempre ao presidente da Anima e n\u00e3o \u00e9 f\u00e1cil!<\/span><br \/>\n<span style=\"color: #0000ff\"><em><strong>Descansa em paz, meu amigo!<\/strong><\/em><\/span><\/p>\n<p>&nbsp;<\/p>\n<p><span style=\"color: #000000\"><em><strong>Por favor, ajude-nos a ajud\u00e1-los!<\/strong><\/em><\/span><br \/>\n<span style=\"color: #000000\"><em><strong>Nunca abandone o seu animal de estima\u00e7\u00e3o! Abandonar um animal de estima\u00e7\u00e3o \u00e9 abandonar um membro da fam\u00edlia!<\/strong><\/em><\/span><\/p>\n<p>&nbsp;<\/p>\n<p>&nbsp;<\/p>\n<p>&nbsp;<\/p>\n<p><span style=\"color: #ff0000\"><em>Ajude-nos doando para:<\/em> <\/span><br \/>\n<span style=\"color: #ff0000\"><strong>ANIMA \u2013 Sociedade Protectora dos Animais de Macau<\/strong><\/span><br \/>\n<span style=\"color: #ff0000\">para as seguintes contas:<\/span><br \/>\n<span style=\"color: #ff0000\"><span style=\"color: #0000ff\"><strong>Banco Nacional Ultramarino<\/strong><\/span>, MOP conta n\u00famero 9003472840<\/span><br \/>\n<span style=\"color: #ff0000\"><span style=\"color: #0000ff\"><strong>Banco da China<\/strong><\/span>, MOP conta n\u00famero 01-01-20-794318<\/span><br \/>\n<span style=\"color: #ff0000\"><span style=\"color: #0000ff\"><strong>ICBC<\/strong><\/span>, MOP conta n\u00famero 0119100200000960934<\/span><br \/>\n<span style=\"color: #ff0000\">(ICBC jetco, favor de n\u00e3o inserir os tr\u00eas primeiros d\u00edgitos)<\/span><br \/>\n<span style=\"color: #ff0000\"><span style=\"color: #0000ff\"><strong>Banco Tai Fung<\/strong><\/span>, MOP conta n\u00famero 201-1-10530-7<\/span><br \/>\n<span style=\"color: #ff0000\"><span style=\"color: #0000ff\"><strong>Banco Tai Fung<\/strong><\/span>, HKD conta n\u00famero 101-1-12983-3<\/span><br \/>\n<span style=\"color: #ff0000\"><span style=\"color: #0000ff\"><strong>Paypal<\/strong><\/span>, albano@animamacau.org<\/span><br \/>\n<em><span style=\"color: #ff0000\">e informe-nos da sua doa\u00e7\u00e3o para anima@macau.ctm.net ou info@animamacau.org<\/span><\/em><\/p>\n\n\t\t<style type=\"text\/css\">\n\t\t\t#gallery-2 {\n\t\t\t\tmargin: auto;\n\t\t\t}\n\t\t\t#gallery-2 .gallery-item {\n\t\t\t\tfloat: left;\n\t\t\t\tmargin-top: 10px;\n\t\t\t\ttext-align: center;\n\t\t\t\twidth: 33%;\n\t\t\t}\n\t\t\t#gallery-2 img {\n\t\t\t\tborder: 2px solid #cfcfcf;\n\t\t\t}\n\t\t\t#gallery-2 .gallery-caption {\n\t\t\t\tmargin-left: 0;\n\t\t\t}\n\t\t\t\/* see gallery_shortcode() in wp-includes\/media.php *\/\n\t\t<\/style>\n\t\t<div id='gallery-2' class='gallery galleryid-63911 gallery-columns-3 gallery-size-thumbnail'><dl class='gallery-item'>\n\t\t\t<dt class='gallery-icon landscape'>\n\t\t\t\t<a href='https:\/\/www.animamacau.org\/pt-pt\/anima-october-rescue-c1738-baldrick\/c1738-baldrick-2-2-3\/'><img loading=\"lazy\" decoding=\"async\" width=\"150\" height=\"150\" src=\"https:\/\/www.animamacau.org\/wp-content\/uploads\/2017\/10\/C1738-Baldrick-2-150x150.jpg\" class=\"attachment-thumbnail size-thumbnail\" alt=\"\" \/><\/a>\n\t\t\t<\/dt><\/dl><dl class='gallery-item'>\n\t\t\t<dt class='gallery-icon landscape'>\n\t\t\t\t<a href='https:\/\/www.animamacau.org\/pt-pt\/anima-october-rescue-c1738-baldrick\/c1738-baldrick-3\/'><img loading=\"lazy\" decoding=\"async\" width=\"150\" height=\"150\" src=\"https:\/\/www.animamacau.org\/wp-content\/uploads\/2017\/10\/C1738-Baldrick-150x150.jpg\" class=\"attachment-thumbnail size-thumbnail\" alt=\"\" \/><\/a>\n\t\t\t<\/dt><\/dl>\n\t\t\t<br style='clear: both' \/>\n\t\t<\/div>\n\n","protected":false},"excerpt":{"rendered":"<p>&lt;26-10-2017&gt; C1738-Baldrick (M), com cerca de um ano de idade, foi resgatado pela Anima a 25 de Outubro de 2017, ap\u00f3s uma chamada do Sr. Fong dizendo que encontrou um gato ferido e a rastejar pela rua. Trouxe-o para a Anima. C1738-Baldrick n\u00e3o tinha sensibilidade nas patas, por isso foi transportado para uma cl\u00ednica. Baldrick tem uma fractura na anca e uma abertura no diafragma. Alguns org\u00e3os da zona abdominal est\u00e3o demasiado junto dos pulm\u00f5es dificultando o seu normal funcionamento. Tamb\u00e9m tem pequenas feridas na pele. Ficou numa cl\u00ednica sob observa\u00e7\u00e3o. Ap\u00f3s a opini\u00e3o do veterin\u00e1rio, envi\u00e1mo-lo a uma segunda cl\u00ednica para segunda opini\u00e3o veterin\u00e1ria. Ambos sugeriram uma cirurgia a Baldrick. Contudo, havia um grande risco de ele n\u00e3o melhorar. Est\u00e1 demasiado fraco, de momento e entrou em sofrimento. Ap\u00f3s discuss\u00e3o com o nosso veterin\u00e1rio e a aprova\u00e7\u00e3o de dois membros da Anima tom\u00e1mos a&#8230;<\/p>\n","protected":false},"author":16,"featured_media":62130,"comment_status":"closed","ping_status":"open","sticky":false,"template":"","format":"gallery","meta":{"_acf_changed":false,"footnotes":""},"categories":[280,271],"tags":[],"class_list":["post-63911","post","type-post","status-publish","format-gallery","has-post-thumbnail","hentry","category-falecidos","category-noticias","post_format-post-format-gallery"],"acf":[],"_links":{"self":[{"href":"https:\/\/www.animamacau.org\/pt-pt\/wp-json\/wp\/v2\/posts\/63911","targetHints":{"allow":["GET"]}}],"collection":[{"href":"https:\/\/www.animamacau.org\/pt-pt\/wp-json\/wp\/v2\/posts"}],"about":[{"href":"https:\/\/www.animamacau.org\/pt-pt\/wp-json\/wp\/v2\/types\/post"}],"author":[{"embeddable":true,"href":"https:\/\/www.animamacau.org\/pt-pt\/wp-json\/wp\/v2\/users\/16"}],"replies":[{"embeddable":true,"href":"https:\/\/www.animamacau.org\/pt-pt\/wp-json\/wp\/v2\/comments?post=63911"}],"version-history":[{"count":2,"href":"https:\/\/www.animamacau.org\/pt-pt\/wp-json\/wp\/v2\/posts\/63911\/revisions"}],"predecessor-version":[{"id":63912,"href":"https:\/\/www.animamacau.org\/pt-pt\/wp-json\/wp\/v2\/posts\/63911\/revisions\/63912"}],"wp:featuredmedia":[{"embeddable":true,"href":"https:\/\/www.animamacau.org\/pt-pt\/wp-json\/wp\/v2\/media\/62130"}],"wp:attachment":[{"href":"https:\/\/www.animamacau.org\/pt-pt\/wp-json\/wp\/v2\/media?parent=63911"}],"wp:term":[{"taxonomy":"category","embeddable":true,"href":"https:\/\/www.animamacau.org\/pt-pt\/wp-json\/wp\/v2\/categories?post=63911"},{"taxonomy":"post_tag","embeddable":true,"href":"https:\/\/www.animamacau.org\/pt-pt\/wp-json\/wp\/v2\/tags?post=63911"}],"curies":[{"name":"wp","href":"https:\/\/api.w.org\/{rel}","templated":true}]}}