{"id":66949,"date":"2018-01-04T08:22:34","date_gmt":"2018-01-04T08:22:34","guid":{"rendered":"http:\/\/animamacau.org\/\/sem-categoria\/anima-january-rescue-1969-adalina-2\/"},"modified":"2018-01-16T08:13:03","modified_gmt":"2018-01-16T08:13:03","slug":"anima-january-rescue-1969-adalina","status":"publish","type":"post","link":"https:\/\/www.animamacau.org\/pt-pt\/anima-january-rescue-1969-adalina\/","title":{"rendered":"Anima\u2013Resgate de Janeiro (1969-Adalina)!"},"content":{"rendered":"<p><strong>&lt;04-01-2018&gt;<\/strong><br \/>\n<span style=\"color: #0000ff\"><em><strong>1969-Adalina (F), com cerca de um ano de idade, foi resgatada pela Anima a 4 de Janeiro de 2018, ap\u00f3s uma chamada do Sr. Miguel informando que um c\u00e3o estava atado com um arn\u00eas e uma trela vermelha num parque para c\u00e3es na Colina de Mong-Ha.<\/strong><\/em><\/span><br \/>\n<span style=\"color: #ff0000\">De acordo com pessoas que faziam exerc\u00edcio na \u00e1rea, 1969-Adalina foi l\u00e1 deixada no dia anterior.<\/span><br \/>\n<span style=\"color: #ff0000\">N\u00e3o tinha microchip.<\/span><br \/>\n<span style=\"color: #ff0000\">1969-Adalina fica com o Sr. Miguel temporariamente.<\/span><br \/>\n<span style=\"color: #ff0000\">Se voc\u00ea \u00e9 o dono, por favor, contacte-nos o mais r\u00e1pido poss\u00edvel.<\/span><br \/>\n<span style=\"color: #ff0000\">O Sr. Miguel ir\u00e1 adoptar a 1969-Adalina se o dono n\u00e3o aparecer.<\/span><br \/>\n<span style=\"color: #0000ff\"><em><strong>Obrigada, Sr. Miguel!<\/strong><\/em><\/span><\/p>\n<p><span style=\"color: #000000\"><em><strong>Por favor, ajude-nos a ajud\u00e1-los!<\/strong><\/em><\/span><br \/>\n<span style=\"color: #000000\"><em><strong>Se nos quer ajudar a ajud\u00e1-los, deve ajudar-nos adoptando e\/ou acolhendo!<\/strong><\/em><\/span><br \/>\n<span style=\"color: #000000\"><em><strong>Nunca abandone o seu animal de estima\u00e7\u00e3o! Abandonar um animal de estima\u00e7\u00e3o devia ser considerado Crime!<\/strong><\/em><\/span><\/p>\n<p>&nbsp;<br \/>\n<span style=\"color: #ff0000\"><em>Ajude-nos doando para:<\/em> <\/span><br \/>\n<strong><span style=\"color: #ff0000\">ANIMA \u2013 Sociedade Protectora dos Animais de Macau<\/span><\/strong><br \/>\n<span style=\"color: #ff0000\">para as seguintes contas:<\/span><br \/>\n<span style=\"color: #ff0000\"><span style=\"color: #0000ff\"><strong>Banco Nacional Ultramarino<\/strong><\/span>, MOP conta n\u00famero 9003472840<\/span><br \/>\n<span style=\"color: #ff0000\"><span style=\"color: #0000ff\"><strong>Banco da China<\/strong><\/span>, MOP conta n\u00famero 01-01-20-794318<\/span><br \/>\n<span style=\"color: #ff0000\"><span style=\"color: #0000ff\"><strong>ICBC<\/strong><\/span>, MOP conta n\u00famero 0119100200000960934<\/span><br \/>\n<span style=\"color: #ff0000\">(ICBC jetco, favor de n\u00e3o inserir os tr\u00eas primeiros d\u00edgitos)<\/span><br \/>\n<span style=\"color: #ff0000\"><span style=\"color: #0000ff\"><strong>Banco Tai Fung<\/strong><\/span>, MOP conta n\u00famero 201-1-10530-7<\/span><br \/>\n<span style=\"color: #ff0000\"><span style=\"color: #0000ff\"><strong>Banco Tai Fung<\/strong><\/span>, HKD conta n\u00famero 101-1-12983-3<\/span><br \/>\n<span style=\"color: #ff0000\"><span style=\"color: #0000ff\"><strong>Paypal<\/strong><\/span>, albano@animamacau.org<\/span><br \/>\n<em><span style=\"color: #ff0000\">e informe-nos da sua doa\u00e7\u00e3o para anima@macau.ctm.net ou info@animamacau.org<\/span><\/em><\/p>\n\n\t\t<style type=\"text\/css\">\n\t\t\t#gallery-2 {\n\t\t\t\tmargin: auto;\n\t\t\t}\n\t\t\t#gallery-2 .gallery-item {\n\t\t\t\tfloat: left;\n\t\t\t\tmargin-top: 10px;\n\t\t\t\ttext-align: center;\n\t\t\t\twidth: 33%;\n\t\t\t}\n\t\t\t#gallery-2 img {\n\t\t\t\tborder: 2px solid #cfcfcf;\n\t\t\t}\n\t\t\t#gallery-2 .gallery-caption {\n\t\t\t\tmargin-left: 0;\n\t\t\t}\n\t\t\t\/* see gallery_shortcode() in wp-includes\/media.php *\/\n\t\t<\/style>\n\t\t<div id='gallery-2' class='gallery galleryid-66949 gallery-columns-3 gallery-size-thumbnail'><dl class='gallery-item'>\n\t\t\t<dt class='gallery-icon landscape'>\n\t\t\t\t<a href='https:\/\/www.animamacau.org\/pt-pt\/anima-january-rescue-1969-adalina\/bty-11-3\/'><img loading=\"lazy\" decoding=\"async\" width=\"150\" height=\"150\" src=\"https:\/\/www.animamacau.org\/wp-content\/uploads\/2018\/01\/Adalina-150x150.jpg\" class=\"attachment-thumbnail size-thumbnail\" alt=\"\" \/><\/a>\n\t\t\t<\/dt><\/dl><dl class='gallery-item'>\n\t\t\t<dt class='gallery-icon landscape'>\n\t\t\t\t<a href='https:\/\/www.animamacau.org\/pt-pt\/anima-january-rescue-1969-adalina\/adalina-3\/'><img loading=\"lazy\" decoding=\"async\" width=\"150\" height=\"150\" src=\"https:\/\/www.animamacau.org\/wp-content\/uploads\/2018\/01\/Adalina-150x150.jpeg\" class=\"attachment-thumbnail size-thumbnail\" alt=\"\" \/><\/a>\n\t\t\t<\/dt><\/dl><dl class='gallery-item'>\n\t\t\t<dt class='gallery-icon landscape'>\n\t\t\t\t<a href='https:\/\/www.animamacau.org\/pt-pt\/anima-january-rescue-1969-adalina\/adalina-4-3\/'><img loading=\"lazy\" decoding=\"async\" width=\"150\" height=\"150\" src=\"https:\/\/www.animamacau.org\/wp-content\/uploads\/2018\/01\/Adalina-4-150x150.jpeg\" class=\"attachment-thumbnail size-thumbnail\" alt=\"\" \/><\/a>\n\t\t\t<\/dt><\/dl><br style=\"clear: both\" \/>\n\t\t<\/div>\n\n","protected":false},"excerpt":{"rendered":"<p>&lt;04-01-2018&gt; 1969-Adalina (F), com cerca de um ano de idade, foi resgatada pela Anima a 4 de Janeiro de 2018, ap\u00f3s uma chamada do Sr. Miguel informando que um c\u00e3o estava atado com um arn\u00eas e uma trela vermelha num parque para c\u00e3es na Colina de Mong-Ha. De acordo com pessoas que faziam exerc\u00edcio na \u00e1rea, 1969-Adalina foi l\u00e1 deixada no dia anterior. N\u00e3o tinha microchip. 1969-Adalina fica com o Sr. Miguel temporariamente. Se voc\u00ea \u00e9 o dono, por favor, contacte-nos o mais r\u00e1pido poss\u00edvel. O Sr. Miguel ir\u00e1 adoptar a 1969-Adalina se o dono n\u00e3o aparecer. Obrigada, Sr. Miguel! Por favor, ajude-nos a ajud\u00e1-los! Se nos quer ajudar a ajud\u00e1-los, deve ajudar-nos adoptando e\/ou acolhendo! Nunca abandone o seu animal de estima\u00e7\u00e3o! Abandonar um animal de estima\u00e7\u00e3o devia ser considerado Crime! &nbsp; Ajude-nos doando para: ANIMA \u2013 Sociedade Protectora dos Animais de Macau para&#8230;<\/p>\n","protected":false},"author":10,"featured_media":66312,"comment_status":"closed","ping_status":"open","sticky":false,"template":"","format":"gallery","meta":{"_acf_changed":false,"footnotes":""},"categories":[295,282,271],"tags":[],"class_list":["post-66949","post","type-post","status-publish","format-gallery","has-post-thumbnail","hentry","category-animais-resgatados","category-familia-acolhimento","category-noticias","post_format-post-format-gallery"],"acf":[],"_links":{"self":[{"href":"https:\/\/www.animamacau.org\/pt-pt\/wp-json\/wp\/v2\/posts\/66949","targetHints":{"allow":["GET"]}}],"collection":[{"href":"https:\/\/www.animamacau.org\/pt-pt\/wp-json\/wp\/v2\/posts"}],"about":[{"href":"https:\/\/www.animamacau.org\/pt-pt\/wp-json\/wp\/v2\/types\/post"}],"author":[{"embeddable":true,"href":"https:\/\/www.animamacau.org\/pt-pt\/wp-json\/wp\/v2\/users\/10"}],"replies":[{"embeddable":true,"href":"https:\/\/www.animamacau.org\/pt-pt\/wp-json\/wp\/v2\/comments?post=66949"}],"version-history":[{"count":3,"href":"https:\/\/www.animamacau.org\/pt-pt\/wp-json\/wp\/v2\/posts\/66949\/revisions"}],"predecessor-version":[{"id":66952,"href":"https:\/\/www.animamacau.org\/pt-pt\/wp-json\/wp\/v2\/posts\/66949\/revisions\/66952"}],"wp:featuredmedia":[{"embeddable":true,"href":"https:\/\/www.animamacau.org\/pt-pt\/wp-json\/wp\/v2\/media\/66312"}],"wp:attachment":[{"href":"https:\/\/www.animamacau.org\/pt-pt\/wp-json\/wp\/v2\/media?parent=66949"}],"wp:term":[{"taxonomy":"category","embeddable":true,"href":"https:\/\/www.animamacau.org\/pt-pt\/wp-json\/wp\/v2\/categories?post=66949"},{"taxonomy":"post_tag","embeddable":true,"href":"https:\/\/www.animamacau.org\/pt-pt\/wp-json\/wp\/v2\/tags?post=66949"}],"curies":[{"name":"wp","href":"https:\/\/api.w.org\/{rel}","templated":true}]}}