{"id":67252,"date":"2018-01-18T02:25:44","date_gmt":"2018-01-18T02:25:44","guid":{"rendered":"http:\/\/animamacau.org\/\/?p=67252"},"modified":"2018-01-23T01:41:37","modified_gmt":"2018-01-23T01:41:37","slug":"anima-adopcao-de-janeiro-sppc1614-ada","status":"publish","type":"post","link":"https:\/\/www.animamacau.org\/pt-pt\/anima-adopcao-de-janeiro-sppc1614-ada\/","title":{"rendered":"Anima\u2013Adop\u00e7\u00e3o de Janeiro (SPPC1614-Ada)!"},"content":{"rendered":"<p><strong>&lt;18-01-2018&gt;<\/strong><br \/>\n<em><span style=\"color: #0000ff\"><strong>Ada foi adoptada pelo Sr. Lam a 18 de Janeiro de 2018!<\/strong><\/span><\/em><\/p>\n<p><span style=\"color: #ff0000\">SPPC1613-Abela (F) e SPPC1614-Ada (F), ficaram sob o nosso Programa de Protec\u00e7\u00e3o Especial (PPE) e foram resgatadas pela Anima a 26 de Junho de 2017, atrav\u00e9s da Michele, algures na Taipa, quando tinham cerca de tr\u00eas meses de idade<\/span><span style=\"color: #ff0000\">.<\/span><br \/>\n<span style=\"color: #ff0000\">SPPC1614-Ada tem estado connosco e foi adoptada a 8 de Dezembro de 2017.<\/span><br \/>\n<span style=\"color: #0000ff\"><em><strong>No entanto, fomos informados pelo adoptante que um membro da fam\u00edlia teve uma reac\u00e7\u00e3o al\u00e9rgica e foi confirmada pelo m\u00e9dico que a causa seria do gato.<\/strong><\/em><\/span><br \/>\n<span style=\"color: #0000ff\"><em><strong>Estes s\u00e3o os m\u00e9dicos que temos em Macau!<br \/>\nSPPC1614-Ada foi-nos devolvida a 7 de Janeiro.<\/strong><\/em><\/span><br \/>\n<span style=\"color: #0000ff\"><em><strong>Hoje, SPPC1614-Ada foi adoptada novamente!<\/strong><\/em><\/span><br \/>\n<span style=\"color: #0000ff\"><em><strong>Desejamos-lhe sorte.<\/strong><\/em><\/span><br \/>\n<span style=\"color: #0000ff\"><em><strong>Obrigada, Sr. Lam!<\/strong><\/em><\/span><\/p>\n<p><em><strong>Por favor, adopte ou acolha e nunca compre!<\/strong><\/em><br \/>\n<em><strong>Se adoptar est\u00e1 a ajudar-nos a salvar animais em risco!<\/strong><\/em><\/p>\n<p>&nbsp;<\/p>\n<p>&nbsp;<\/p>\n<p>&nbsp;<\/p>\n<p><span style=\"color: #ff0000\"><em>Ajude-nos doando para:<\/em> <\/span><br \/>\n<strong><span style=\"color: #ff0000\">ANIMA \u2013 Sociedade Protectora dos Animais de Macau<\/span><\/strong><br \/>\n<span style=\"color: #ff0000\">para as seguintes contas:<\/span><br \/>\n<span style=\"color: #ff0000\"><span style=\"color: #0000ff\"><strong>Banco Nacional Ultramarino<\/strong><\/span>, MOP conta n\u00famero 9003472840<\/span><br \/>\n<span style=\"color: #ff0000\"><span style=\"color: #0000ff\"><strong>Banco da China<\/strong><\/span>, MOP conta n\u00famero 01-01-20-794318<\/span><br \/>\n<span style=\"color: #ff0000\"><span style=\"color: #0000ff\"><strong>ICBC<\/strong><\/span>, MOP conta n\u00famero 0119100200000960934<\/span><br \/>\n<span style=\"color: #ff0000\">(ICBC jetco, favor de n\u00e3o inserir os tr\u00eas primeiros d\u00edgitos)<\/span><br \/>\n<span style=\"color: #ff0000\"><span style=\"color: #0000ff\"><strong>Banco Tai Fung<\/strong><\/span>, MOP conta n\u00famero 201-1-10530-7<\/span><br \/>\n<span style=\"color: #ff0000\"><span style=\"color: #0000ff\"><strong>Banco Tai Fung<\/strong><\/span>, HKD conta n\u00famero 101-1-12983-3<\/span><br \/>\n<span style=\"color: #ff0000\"><span style=\"color: #0000ff\"><strong>Paypal<\/strong><\/span>, albano@animamacau.org<\/span><br \/>\n<em><span style=\"color: #ff0000\">e informe-nos da sua doa\u00e7\u00e3o para anima@macau.ctm.net ou info@animamacau.org<\/span> <\/em><\/p>\n\n\t\t<style type=\"text\/css\">\n\t\t\t#gallery-2 {\n\t\t\t\tmargin: auto;\n\t\t\t}\n\t\t\t#gallery-2 .gallery-item {\n\t\t\t\tfloat: left;\n\t\t\t\tmargin-top: 10px;\n\t\t\t\ttext-align: center;\n\t\t\t\twidth: 33%;\n\t\t\t}\n\t\t\t#gallery-2 img {\n\t\t\t\tborder: 2px solid #cfcfcf;\n\t\t\t}\n\t\t\t#gallery-2 .gallery-caption {\n\t\t\t\tmargin-left: 0;\n\t\t\t}\n\t\t\t\/* see gallery_shortcode() in wp-includes\/media.php *\/\n\t\t<\/style>\n\t\t<div id='gallery-2' class='gallery galleryid-67252 gallery-columns-3 gallery-size-thumbnail'><dl class='gallery-item'>\n\t\t\t<dt class='gallery-icon landscape'>\n\t\t\t\t<a href='https:\/\/www.animamacau.org\/pt-pt\/anima-adopcao-de-janeiro-sppc1614-ada\/sppc1614-ada-with-the-adopter-3\/'><img loading=\"lazy\" decoding=\"async\" width=\"150\" height=\"150\" src=\"https:\/\/www.animamacau.org\/wp-content\/uploads\/2018\/01\/SPPC1614-Ada-with-the-adopter-150x150.jpg\" class=\"attachment-thumbnail size-thumbnail\" alt=\"\" \/><\/a>\n\t\t\t<\/dt><\/dl><dl class='gallery-item'>\n\t\t\t<dt class='gallery-icon landscape'>\n\t\t\t\t<a href='https:\/\/www.animamacau.org\/pt-pt\/anima-abandonment-and-return-sppc1614-ada\/sppc1614-ada-returned-by-adopter-3\/'><img loading=\"lazy\" decoding=\"async\" width=\"150\" height=\"150\" src=\"https:\/\/www.animamacau.org\/wp-content\/uploads\/2018\/01\/SPPC1614-Ada-returned-by-adopter-150x150.jpg\" class=\"attachment-thumbnail size-thumbnail\" alt=\"\" \/><\/a>\n\t\t\t<\/dt><\/dl>\n\t\t\t<br style='clear: both' \/>\n\t\t<\/div>\n\n","protected":false},"excerpt":{"rendered":"<p>&lt;18-01-2018&gt; Ada foi adoptada pelo Sr. Lam a 18 de Janeiro de 2018! SPPC1613-Abela (F) e SPPC1614-Ada (F), ficaram sob o nosso Programa de Protec\u00e7\u00e3o Especial (PPE) e foram resgatadas pela Anima a 26 de Junho de 2017, atrav\u00e9s da Michele, algures na Taipa, quando tinham cerca de tr\u00eas meses de idade. SPPC1614-Ada tem estado connosco e foi adoptada a 8 de Dezembro de 2017. No entanto, fomos informados pelo adoptante que um membro da fam\u00edlia teve uma reac\u00e7\u00e3o al\u00e9rgica e foi confirmada pelo m\u00e9dico que a causa seria do gato. Estes s\u00e3o os m\u00e9dicos que temos em Macau! SPPC1614-Ada foi-nos devolvida a 7 de Janeiro. Hoje, SPPC1614-Ada foi adoptada novamente! Desejamos-lhe sorte. Obrigada, Sr. Lam! Por favor, adopte ou acolha e nunca compre! Se adoptar est\u00e1 a ajudar-nos a salvar animais em risco! &nbsp; &nbsp; &nbsp; Ajude-nos doando para: ANIMA \u2013 Sociedade Protectora dos&#8230;<\/p>\n","protected":false},"author":10,"featured_media":67146,"comment_status":"closed","ping_status":"open","sticky":false,"template":"","format":"gallery","meta":{"_acf_changed":false,"footnotes":""},"categories":[284,271],"tags":[],"class_list":["post-67252","post","type-post","status-publish","format-gallery","has-post-thumbnail","hentry","category-finais-felizes","category-noticias","post_format-post-format-gallery"],"acf":[],"_links":{"self":[{"href":"https:\/\/www.animamacau.org\/pt-pt\/wp-json\/wp\/v2\/posts\/67252","targetHints":{"allow":["GET"]}}],"collection":[{"href":"https:\/\/www.animamacau.org\/pt-pt\/wp-json\/wp\/v2\/posts"}],"about":[{"href":"https:\/\/www.animamacau.org\/pt-pt\/wp-json\/wp\/v2\/types\/post"}],"author":[{"embeddable":true,"href":"https:\/\/www.animamacau.org\/pt-pt\/wp-json\/wp\/v2\/users\/10"}],"replies":[{"embeddable":true,"href":"https:\/\/www.animamacau.org\/pt-pt\/wp-json\/wp\/v2\/comments?post=67252"}],"version-history":[{"count":3,"href":"https:\/\/www.animamacau.org\/pt-pt\/wp-json\/wp\/v2\/posts\/67252\/revisions"}],"predecessor-version":[{"id":67273,"href":"https:\/\/www.animamacau.org\/pt-pt\/wp-json\/wp\/v2\/posts\/67252\/revisions\/67273"}],"wp:featuredmedia":[{"embeddable":true,"href":"https:\/\/www.animamacau.org\/pt-pt\/wp-json\/wp\/v2\/media\/67146"}],"wp:attachment":[{"href":"https:\/\/www.animamacau.org\/pt-pt\/wp-json\/wp\/v2\/media?parent=67252"}],"wp:term":[{"taxonomy":"category","embeddable":true,"href":"https:\/\/www.animamacau.org\/pt-pt\/wp-json\/wp\/v2\/categories?post=67252"},{"taxonomy":"post_tag","embeddable":true,"href":"https:\/\/www.animamacau.org\/pt-pt\/wp-json\/wp\/v2\/tags?post=67252"}],"curies":[{"name":"wp","href":"https:\/\/api.w.org\/{rel}","templated":true}]}}