{"id":70776,"date":"2018-02-05T03:02:53","date_gmt":"2018-02-05T03:02:53","guid":{"rendered":"http:\/\/www.animamacau.org\/pt-pt\/sem-categoria\/anima-february-rescue-sppc1837-sppc1838\/"},"modified":"2018-04-02T06:28:48","modified_gmt":"2018-04-02T06:28:48","slug":"anima-february-rescue-sppc1837-sppc1838","status":"publish","type":"post","link":"https:\/\/www.animamacau.org\/pt-pt\/anima-february-rescue-sppc1837-sppc1838\/","title":{"rendered":"Anima\u2013Resgate de Fevereiro (SPPC1837, SPPC1838)!"},"content":{"rendered":"<p><strong>&lt;04-02-2018&gt;<\/strong><br \/>\n<span style=\"color: #0000ff\"><em><strong>SPPC1837-Sara (F) e SPPC1838-Laurel (F), ambas com cerca de sete meses de idade, agora sob o nosso Programa de Protec\u00e7\u00e3o Especial, foram resgatadas pela Anima a 4 de Fevereiro de 2018 atrav\u00e9s da Michele.<\/strong><\/em><\/span><br \/>\n<span style=\"color: #ff0000\">Foram encontrados doentes, a vomitar e a n\u00e3o comer.<\/span><br \/>\n<span style=\"color: #ff0000\">Os resultados das an\u00e1lises demonstravam que SPPC1837-Sara estava an\u00e9mica com uma infec\u00e7\u00e3o e um problema renal.<\/span><br \/>\n<span style=\"color: #ff0000\">Tamb\u00e9m desidratada e com hipotermia.<\/span><br \/>\n<span style=\"color: #ff0000\">Foi colocada a soro e com saco de \u00e1gua quente.<\/span><br \/>\n<span style=\"color: #ff0000\">SPPC1838-Laurel tem um problema ocular e discarga de muco nasal.<\/span><br \/>\n<span style=\"color: #ff0000\">Ficam no Para\u00edso dos Gatos.<\/span><br \/>\n<em><strong><span style=\"color: #0000ff\">Obrigada, Michele!<\/span><\/strong><\/em><\/p>\n<p>&nbsp;<\/p>\n<p><em><strong>Por favor, ajude-nos a ajud\u00e1-los!<\/strong><\/em><br \/>\n<em><strong>Se nos quer ajudar a ajud\u00e1-los, deve ajudar-nos adoptando e\/ou acolhendo!<\/strong><\/em><br \/>\n<em><strong>Nunca abandone o seu animal de estima\u00e7\u00e3o! Abandonar um animal de estima\u00e7\u00e3o devia ser considerado Crime!<\/strong><\/em><\/p>\n<p>&nbsp;<\/p>\n<p><span style=\"color: #ff0000\">Ajude-nos doando para: <\/span><br \/>\n<strong><span style=\"color: #ff0000\">ANIMA \u2013 Sociedade Protectora dos Animais de Macau<\/span><\/strong><br \/>\n<span style=\"color: #ff0000\">para as seguintes contas:<\/span><br \/>\n<span style=\"color: #ff0000\"><strong><span style=\"color: #0000ff\">Banco Nacional Ultramarino<\/span><\/strong>, MOP conta n\u00famero 9003472840<\/span><br \/>\n<span style=\"color: #ff0000\"><strong><span style=\"color: #0000ff\">Banco da China<\/span><\/strong>, MOP conta n\u00famero 01-01-20-794318<\/span><br \/>\n<span style=\"color: #ff0000\"><strong><span style=\"color: #0000ff\">ICBC<\/span><\/strong>, MOP conta n\u00famero 0119100200000960934<\/span><br \/>\n<span style=\"color: #ff0000\">(ICBC jetco, favor de n\u00e3o inserir os tr\u00eas primeiros d\u00edgitos)<\/span><br \/>\n<span style=\"color: #ff0000\"><strong><span style=\"color: #0000ff\">Banco Tai Fung<\/span><\/strong>, MOP conta n\u00famero 201-1-10530-7<\/span><br \/>\n<span style=\"color: #ff0000\"><span style=\"color: #0000ff\"><strong>Banco Tai Fung<\/strong><\/span>, HKD conta n\u00famero 101-1-12983-3<\/span><br \/>\n<span style=\"color: #ff0000\"><strong><span style=\"color: #0000ff\">Paypal<\/span><\/strong>, albano@animamacau.org<\/span><br \/>\n<em><span style=\"color: #ff0000\">e informe-nos da sua doa\u00e7\u00e3o para anima@macau.ctm.net ou info@animamacau.org<\/span><\/em><\/p>\n\n\t\t<style type=\"text\/css\">\n\t\t\t#gallery-2 {\n\t\t\t\tmargin: auto;\n\t\t\t}\n\t\t\t#gallery-2 .gallery-item {\n\t\t\t\tfloat: left;\n\t\t\t\tmargin-top: 10px;\n\t\t\t\ttext-align: center;\n\t\t\t\twidth: 33%;\n\t\t\t}\n\t\t\t#gallery-2 img {\n\t\t\t\tborder: 2px solid #cfcfcf;\n\t\t\t}\n\t\t\t#gallery-2 .gallery-caption {\n\t\t\t\tmargin-left: 0;\n\t\t\t}\n\t\t\t\/* see gallery_shortcode() in wp-includes\/media.php *\/\n\t\t<\/style>\n\t\t<div id='gallery-2' class='gallery galleryid-70776 gallery-columns-3 gallery-size-thumbnail'><dl class='gallery-item'>\n\t\t\t<dt class='gallery-icon landscape'>\n\t\t\t\t<a href='https:\/\/www.animamacau.org\/pt-pt\/anima-february-rescue-spp1993-spp1995\/sppc1838-laurel-3\/'><img loading=\"lazy\" decoding=\"async\" width=\"150\" height=\"150\" src=\"https:\/\/www.animamacau.org\/wp-content\/uploads\/2018\/02\/SPPC1838-Laurel-150x150.jpeg\" class=\"attachment-thumbnail size-thumbnail\" alt=\"\" \/><\/a>\n\t\t\t<\/dt><\/dl><dl class='gallery-item'>\n\t\t\t<dt class='gallery-icon landscape'>\n\t\t\t\t<a href='https:\/\/www.animamacau.org\/pt-pt\/anima-february-rescue-spp1993-spp1995\/sppc1837-sara-3\/'><img loading=\"lazy\" decoding=\"async\" width=\"150\" height=\"150\" src=\"https:\/\/www.animamacau.org\/wp-content\/uploads\/2018\/02\/SPPC1837-Sara-150x150.jpeg\" class=\"attachment-thumbnail size-thumbnail\" alt=\"\" \/><\/a>\n\t\t\t<\/dt><\/dl>\n\t\t\t<br style='clear: both' \/>\n\t\t<\/div>\n\n","protected":false},"excerpt":{"rendered":"<p>&lt;04-02-2018&gt; SPPC1837-Sara (F) e SPPC1838-Laurel (F), ambas com cerca de sete meses de idade, agora sob o nosso Programa de Protec\u00e7\u00e3o Especial, foram resgatadas pela Anima a 4 de Fevereiro de 2018 atrav\u00e9s da Michele. Foram encontrados doentes, a vomitar e a n\u00e3o comer. Os resultados das an\u00e1lises demonstravam que SPPC1837-Sara estava an\u00e9mica com uma infec\u00e7\u00e3o e um problema renal. Tamb\u00e9m desidratada e com hipotermia. Foi colocada a soro e com saco de \u00e1gua quente. SPPC1838-Laurel tem um problema ocular e discarga de muco nasal. Ficam no Para\u00edso dos Gatos. Obrigada, Michele! &nbsp; Por favor, ajude-nos a ajud\u00e1-los! Se nos quer ajudar a ajud\u00e1-los, deve ajudar-nos adoptando e\/ou acolhendo! Nunca abandone o seu animal de estima\u00e7\u00e3o! Abandonar um animal de estima\u00e7\u00e3o devia ser considerado Crime! &nbsp; Ajude-nos doando para: ANIMA \u2013 Sociedade Protectora dos Animais de Macau para as seguintes contas: Banco Nacional Ultramarino, MOP&#8230;<\/p>\n","protected":false},"author":16,"featured_media":68165,"comment_status":"closed","ping_status":"open","sticky":false,"template":"","format":"gallery","meta":{"_acf_changed":false,"footnotes":""},"categories":[295,271,253],"tags":[],"class_list":["post-70776","post","type-post","status-publish","format-gallery","has-post-thumbnail","hentry","category-animais-resgatados","category-noticias","category-sem-categoria","post_format-post-format-gallery"],"acf":[],"_links":{"self":[{"href":"https:\/\/www.animamacau.org\/pt-pt\/wp-json\/wp\/v2\/posts\/70776","targetHints":{"allow":["GET"]}}],"collection":[{"href":"https:\/\/www.animamacau.org\/pt-pt\/wp-json\/wp\/v2\/posts"}],"about":[{"href":"https:\/\/www.animamacau.org\/pt-pt\/wp-json\/wp\/v2\/types\/post"}],"author":[{"embeddable":true,"href":"https:\/\/www.animamacau.org\/pt-pt\/wp-json\/wp\/v2\/users\/16"}],"replies":[{"embeddable":true,"href":"https:\/\/www.animamacau.org\/pt-pt\/wp-json\/wp\/v2\/comments?post=70776"}],"version-history":[{"count":4,"href":"https:\/\/www.animamacau.org\/pt-pt\/wp-json\/wp\/v2\/posts\/70776\/revisions"}],"predecessor-version":[{"id":70777,"href":"https:\/\/www.animamacau.org\/pt-pt\/wp-json\/wp\/v2\/posts\/70776\/revisions\/70777"}],"wp:featuredmedia":[{"embeddable":true,"href":"https:\/\/www.animamacau.org\/pt-pt\/wp-json\/wp\/v2\/media\/68165"}],"wp:attachment":[{"href":"https:\/\/www.animamacau.org\/pt-pt\/wp-json\/wp\/v2\/media?parent=70776"}],"wp:term":[{"taxonomy":"category","embeddable":true,"href":"https:\/\/www.animamacau.org\/pt-pt\/wp-json\/wp\/v2\/categories?post=70776"},{"taxonomy":"post_tag","embeddable":true,"href":"https:\/\/www.animamacau.org\/pt-pt\/wp-json\/wp\/v2\/tags?post=70776"}],"curies":[{"name":"wp","href":"https:\/\/api.w.org\/{rel}","templated":true}]}}