{"id":71837,"date":"2018-02-21T02:43:00","date_gmt":"2018-02-21T02:43:00","guid":{"rendered":"http:\/\/www.animamacau.org\/sem-categoria\/anima-february-return-to-family-1534-sibala\/"},"modified":"2018-04-16T08:10:54","modified_gmt":"2018-04-16T08:10:54","slug":"anima-february-return-to-family-1534-sibala","status":"publish","type":"post","link":"https:\/\/www.animamacau.org\/pt-pt\/anima-february-return-to-family-1534-sibala\/","title":{"rendered":"Anima-Regresso \u00e0 Fam\u00edlia em Fevereiro (1534-Sibala)!"},"content":{"rendered":"<p><strong>&lt;21-02-2018&gt;<\/strong><br \/>\n<em><strong><span style=\"color: #0000ff\">Sibala concluiu a sua estadia na Anima por oito dias e regressou hoje a casa!<\/span><\/strong><\/em><\/p>\n<p><span style=\"color: #ff0000\">1534-Sibala (M), foi resgatado pela Anima a 27 de Setembro de 2015, com cerca de cinco anos de idade na altura, ap\u00f3s uma chamada do Sr. Lung referindo que n\u00e3o podia mais tomar conta do seu c\u00e3o pois a sua filha tinha tido um b\u00e9b\u00e9 rec\u00e9m-nascido.<\/span><br \/>\n<span style=\"color: #ff0000\">Felizmente Sibala foi recolhido novamente pela sua fam\u00edlia a 10 de Outubro de 2015.<\/span><\/p>\n<p><em><strong><span style=\"color: #0000ff\">Agora voltou apenas para ficar alojado de 14 de Fevereiro a 21 de Fevereiro de 2018!<\/span><\/strong><\/em><br \/>\n<span style=\"color: #ff0000\">Se adoptar um animal da Anima, ter\u00e1 o privil\u00e9gio de poder deix\u00e1-lo alojado no abrigo durante 15 dias gr\u00e1tis durante o primeiro ano de adop\u00e7\u00e3o e quando temos espa\u00e7o livre.<\/span><\/p>\n<p><em><strong>Nunca abandone o seu animal de estima\u00e7\u00e3o! Abandonar um animal de estima\u00e7\u00e3o devia ser considerado Crime!<\/strong><\/em><\/p>\n<p>&nbsp;<\/p>\n<p><span style=\"color: #ff0000\"><em>Ajude-nos doando para:<\/em> <\/span><br \/>\n<strong><span style=\"color: #ff0000\">ANIMA \u2013 Sociedade Protectora dos Animais de Macau<\/span><\/strong><br \/>\n<span style=\"color: #ff0000\">para as seguintes contas:<\/span><br \/>\n<span style=\"color: #ff0000\"><span style=\"color: #0000ff\"><strong>Banco Nacional Ultramarino<\/strong><\/span>, MOP conta n\u00famero 9003472840<\/span><br \/>\n<span style=\"color: #ff0000\"><strong><span style=\"color: #0000ff\">Banco da China<\/span><\/strong>, MOP conta n\u00famero 01-01-20-794318<\/span><br \/>\n<span style=\"color: #ff0000\"><strong><span style=\"color: #0000ff\">ICBC<\/span><\/strong>, MOP conta n\u00famero 0119100200000960934<\/span><br \/>\n<span style=\"color: #ff0000\">(ICBC jetco, favor de n\u00e3o inserir os tr\u00eas primeiros d\u00edgitos)<\/span><br \/>\n<span style=\"color: #ff0000\"><strong><span style=\"color: #0000ff\">Banco Tai Fung<\/span><\/strong>, MOP conta n\u00famero 201-1-10530-7<\/span><br \/>\n<span style=\"color: #ff0000\"><strong><span style=\"color: #0000ff\">Banco Tai Fung<\/span><\/strong>, HKD conta n\u00famero 101-1-12983-3<\/span><br \/>\n<span style=\"color: #ff0000\"><strong><span style=\"color: #0000ff\">Paypal<\/span><\/strong>, albano@animamacau.org<\/span><br \/>\n<span style=\"color: #ff0000\"><em>e informe-nos da sua doa\u00e7\u00e3o para anima@macau.ctm.net ou info@animamacau.org <\/em><\/span><\/p>\n\n\t\t<style type=\"text\/css\">\n\t\t\t#gallery-2 {\n\t\t\t\tmargin: auto;\n\t\t\t}\n\t\t\t#gallery-2 .gallery-item {\n\t\t\t\tfloat: left;\n\t\t\t\tmargin-top: 10px;\n\t\t\t\ttext-align: center;\n\t\t\t\twidth: 33%;\n\t\t\t}\n\t\t\t#gallery-2 img {\n\t\t\t\tborder: 2px solid #cfcfcf;\n\t\t\t}\n\t\t\t#gallery-2 .gallery-caption {\n\t\t\t\tmargin-left: 0;\n\t\t\t}\n\t\t\t\/* see gallery_shortcode() in wp-includes\/media.php *\/\n\t\t<\/style>\n\t\t<div id='gallery-2' class='gallery galleryid-71837 gallery-columns-3 gallery-size-thumbnail'><dl class='gallery-item'>\n\t\t\t<dt class='gallery-icon landscape'>\n\t\t\t\t<a href='https:\/\/www.animamacau.org\/pt-pt\/adoption\/1460-tasha\/1534-sibala-2-2\/'><img loading=\"lazy\" decoding=\"async\" width=\"150\" height=\"150\" src=\"https:\/\/www.animamacau.org\/wp-content\/uploads\/2015\/09\/1534-Sibala-2-150x150.jpg\" class=\"attachment-thumbnail size-thumbnail\" alt=\"\" \/><\/a>\n\t\t\t<\/dt><\/dl><dl class='gallery-item'>\n\t\t\t<dt class='gallery-icon landscape'>\n\t\t\t\t<a href='https:\/\/www.animamacau.org\/pt-pt\/anima-february-return-to-family-1534-sibala\/1534-sibala-return-home-from-accommodation-2\/'><img loading=\"lazy\" decoding=\"async\" width=\"150\" height=\"150\" src=\"https:\/\/www.animamacau.org\/wp-content\/uploads\/2018\/02\/1534-Sibala-return-home-from-accommodation-150x150.jpg\" class=\"attachment-thumbnail size-thumbnail\" alt=\"\" \/><\/a>\n\t\t\t<\/dt><\/dl>\n\t\t\t<br style='clear: both' \/>\n\t\t<\/div>\n\n<p>&nbsp;<\/p>\n<p>&nbsp;<\/p>\n","protected":false},"excerpt":{"rendered":"<p>&lt;21-02-2018&gt; Sibala concluiu a sua estadia na Anima por oito dias e regressou hoje a casa! 1534-Sibala (M), foi resgatado pela Anima a 27 de Setembro de 2015, com cerca de cinco anos de idade na altura, ap\u00f3s uma chamada do Sr. Lung referindo que n\u00e3o podia mais tomar conta do seu c\u00e3o pois a sua filha tinha tido um b\u00e9b\u00e9 rec\u00e9m-nascido. Felizmente Sibala foi recolhido novamente pela sua fam\u00edlia a 10 de Outubro de 2015. Agora voltou apenas para ficar alojado de 14 de Fevereiro a 21 de Fevereiro de 2018! Se adoptar um animal da Anima, ter\u00e1 o privil\u00e9gio de poder deix\u00e1-lo alojado no abrigo durante 15 dias gr\u00e1tis durante o primeiro ano de adop\u00e7\u00e3o e quando temos espa\u00e7o livre. Nunca abandone o seu animal de estima\u00e7\u00e3o! Abandonar um animal de estima\u00e7\u00e3o devia ser considerado Crime! &nbsp; Ajude-nos doando para: ANIMA \u2013 Sociedade&#8230;<\/p>\n","protected":false},"author":16,"featured_media":68947,"comment_status":"closed","ping_status":"open","sticky":false,"template":"","format":"gallery","meta":{"_acf_changed":false,"footnotes":""},"categories":[297,271],"tags":[],"class_list":["post-71837","post","type-post","status-publish","format-gallery","has-post-thumbnail","hentry","category-devolvidos-familia","category-noticias","post_format-post-format-gallery"],"acf":[],"_links":{"self":[{"href":"https:\/\/www.animamacau.org\/pt-pt\/wp-json\/wp\/v2\/posts\/71837","targetHints":{"allow":["GET"]}}],"collection":[{"href":"https:\/\/www.animamacau.org\/pt-pt\/wp-json\/wp\/v2\/posts"}],"about":[{"href":"https:\/\/www.animamacau.org\/pt-pt\/wp-json\/wp\/v2\/types\/post"}],"author":[{"embeddable":true,"href":"https:\/\/www.animamacau.org\/pt-pt\/wp-json\/wp\/v2\/users\/16"}],"replies":[{"embeddable":true,"href":"https:\/\/www.animamacau.org\/pt-pt\/wp-json\/wp\/v2\/comments?post=71837"}],"version-history":[{"count":1,"href":"https:\/\/www.animamacau.org\/pt-pt\/wp-json\/wp\/v2\/posts\/71837\/revisions"}],"predecessor-version":[{"id":71838,"href":"https:\/\/www.animamacau.org\/pt-pt\/wp-json\/wp\/v2\/posts\/71837\/revisions\/71838"}],"wp:featuredmedia":[{"embeddable":true,"href":"https:\/\/www.animamacau.org\/pt-pt\/wp-json\/wp\/v2\/media\/68947"}],"wp:attachment":[{"href":"https:\/\/www.animamacau.org\/pt-pt\/wp-json\/wp\/v2\/media?parent=71837"}],"wp:term":[{"taxonomy":"category","embeddable":true,"href":"https:\/\/www.animamacau.org\/pt-pt\/wp-json\/wp\/v2\/categories?post=71837"},{"taxonomy":"post_tag","embeddable":true,"href":"https:\/\/www.animamacau.org\/pt-pt\/wp-json\/wp\/v2\/tags?post=71837"}],"curies":[{"name":"wp","href":"https:\/\/api.w.org\/{rel}","templated":true}]}}