{"id":72373,"date":"2018-03-03T14:56:01","date_gmt":"2018-03-03T14:56:01","guid":{"rendered":"http:\/\/www.animamacau.org\/sem-categoria\/anima-march-sad-news-spp2007-spp2008\/"},"modified":"2018-04-23T07:16:34","modified_gmt":"2018-04-23T07:16:34","slug":"anima-march-sad-news-spp2007-spp2008","status":"publish","type":"post","link":"https:\/\/www.animamacau.org\/pt-pt\/anima-march-sad-news-spp2007-spp2008\/","title":{"rendered":"Anima\u2013Not\u00edcias Tristes de Mar\u00e7o (SPP2007, SPP2008)!"},"content":{"rendered":"<div>\n<p><strong>&lt;03-03-2018&gt;<\/strong><br \/>\n<em><span style=\"color: #0000ff\"><strong>SPP2006-Jetta (F), com cerca de tr\u00eas anos de idade, SPP2007-Juno (M) e SPP2008-Junius (M), ambos com aproximadamente dois anos de idade, agora sob o <\/strong><\/span><span style=\"color: #0000ff\"><strong>nosso Programa de Protec\u00e7\u00e3o Especial, foram<\/strong><\/span><span style=\"color: #0000ff\"><strong> resgatados pela Anima a 2 de Mar\u00e7o de 2018 durante a alimenta\u00e7\u00e3o de animais em Coloane.<\/strong><\/span><\/em><br \/>\n<span style=\"color: #ff0000\">SPP2007-Juno e SPP2008-Junius foram encontrados com uma doen\u00e7a respirat\u00f3ria e a tremer.<\/span><br \/>\n<span style=\"color: #ff0000\">Foram enviados imediatamente a uma cl\u00ednica onde o teste de esgana canina deu positivo.<\/span><br \/>\n<span style=\"color: #ff0000\">SPP2007-Juno e SPP2008-Junius ficaram na cl\u00ednica para tratamento.<\/span><br \/>\n<span style=\"color: #0000ff\"><em><strong>A 3 de Mar\u00e7o de 2018 fomos informados pela cl\u00ednica que o v\u00edrus de SPP2008-Junius afectou-lhe o c\u00e9rebro e o sistema nervoso.<\/strong><\/em><\/span><br \/>\n<span style=\"color: #ff0000\">Ele estava a sofrer com convuls\u00f5es e paralisias.<\/span><br \/>\n<span style=\"color: #ff0000\">Ap\u00f3s discuss\u00e3o com o veterin\u00e1rio e aprova\u00e7\u00e3o de dois membros do quadro, tom\u00e1-mos a infeliz decis\u00e3o de p\u00f4-lo a dormir.<\/span><br \/>\n<span style=\"color: #ff0000\">A \u00faltima palavra pertence sempre ao Presidente da Anima, e esta n\u00e3o \u00e9 f\u00e1cil!<\/span><br \/>\n<span style=\"color: #0000ff\"><em><strong>Infelizmente, SPP2007-Juno faleceu devido a pneumonia no mesmo dia.<\/strong><\/em><\/span><br \/>\n<span style=\"color: #0000ff\"><em><strong>Descansa em paz, meu amigo!<\/strong><\/em><\/span><\/p>\n<p><em><strong><span style=\"color: #000000\">Por favor, ajude-nos a ajud\u00e1-los!<\/span><\/strong><\/em><br \/>\n<em><strong><span style=\"color: #000000\">Nunca abandone o seu animal de estima\u00e7\u00e3o! Abandonar um animal \u00e9 abandonar um membro da fam\u00edlia!<\/span><\/strong><\/em><\/p>\n<p>&nbsp;<\/p>\n<p>&nbsp;<\/p>\n<p><span style=\"color: #ff0000\"><em>Ajude-nos doando para:<\/em> <\/span><br \/>\n<strong><span style=\"color: #ff0000\">ANIMA \u2013 Sociedade Protectora dos Animais de Macau<\/span><\/strong><br \/>\n<span style=\"color: #ff0000\">para as seguintes contas:<\/span><br \/>\n<span style=\"color: #ff0000\"><span style=\"color: #0000ff\"><strong>Banco Nacional Ultramarino<\/strong><\/span>, MOP conta n\u00famero 9003472840<\/span><br \/>\n<span style=\"color: #ff0000\"><strong><span style=\"color: #0000ff\">Banco da China<\/span><\/strong>, MOP conta n\u00famero 01-01-20-794318<\/span><br \/>\n<span style=\"color: #ff0000\"><strong><span style=\"color: #0000ff\">ICBC<\/span><\/strong>, MOP conta n\u00famero 0119100200000960934<\/span><br \/>\n<span style=\"color: #ff0000\">(ICBC jetco, favor de n\u00e3o inserir os tr\u00eas primeiros d\u00edgitos)<\/span><br \/>\n<span style=\"color: #ff0000\"><strong><span style=\"color: #0000ff\">Banco Tai Fung<\/span><\/strong>, MOP conta n\u00famero 201-1-10530-7<\/span><br \/>\n<span style=\"color: #ff0000\"><strong><span style=\"color: #0000ff\">Banco Tai Fung<\/span><\/strong>, HKD conta n\u00famero 101-1-12983-3<\/span><br \/>\n<span style=\"color: #ff0000\"><span style=\"color: #0000ff\"><strong>Paypal<\/strong><\/span>, albano@animamacau.org<\/span><br \/>\n<em><span style=\"color: #ff0000\">e informe-nos da sua doa\u00e7\u00e3o para anima@macau.ctm.net ou info@animamacau.org<\/span><\/em><\/p>\n<\/div>\n<div>\n\n\t\t<style type=\"text\/css\">\n\t\t\t#gallery-2 {\n\t\t\t\tmargin: auto;\n\t\t\t}\n\t\t\t#gallery-2 .gallery-item {\n\t\t\t\tfloat: left;\n\t\t\t\tmargin-top: 10px;\n\t\t\t\ttext-align: center;\n\t\t\t\twidth: 33%;\n\t\t\t}\n\t\t\t#gallery-2 img {\n\t\t\t\tborder: 2px solid #cfcfcf;\n\t\t\t}\n\t\t\t#gallery-2 .gallery-caption {\n\t\t\t\tmargin-left: 0;\n\t\t\t}\n\t\t\t\/* see gallery_shortcode() in wp-includes\/media.php *\/\n\t\t<\/style>\n\t\t<div id='gallery-2' class='gallery galleryid-72373 gallery-columns-3 gallery-size-thumbnail'><dl class='gallery-item'>\n\t\t\t<dt class='gallery-icon landscape'>\n\t\t\t\t<a href='https:\/\/www.animamacau.org\/pt-pt\/anima-march-rescue-and-sad-news-spp2006-spp2008\/spp2007-juno-2-2\/'><img loading=\"lazy\" decoding=\"async\" width=\"150\" height=\"150\" src=\"https:\/\/www.animamacau.org\/wp-content\/uploads\/2018\/03\/SPP2007-Juno1-150x150.jpg\" class=\"attachment-thumbnail size-thumbnail\" alt=\"\" \/><\/a>\n\t\t\t<\/dt><\/dl><dl class='gallery-item'>\n\t\t\t<dt class='gallery-icon landscape'>\n\t\t\t\t<a href='https:\/\/www.animamacau.org\/pt-pt\/anima-march-rescue-and-sad-news-spp2006-spp2008\/spp2008-junius-2-2\/'><img loading=\"lazy\" decoding=\"async\" width=\"150\" height=\"150\" src=\"https:\/\/www.animamacau.org\/wp-content\/uploads\/2018\/03\/SPP2008-Junius1-150x150.jpg\" class=\"attachment-thumbnail size-thumbnail\" alt=\"\" \/><\/a>\n\t\t\t<\/dt><\/dl>\n\t\t\t<br style='clear: both' \/>\n\t\t<\/div>\n\n<\/div>\n","protected":false},"excerpt":{"rendered":"<p>&lt;03-03-2018&gt; SPP2006-Jetta (F), com cerca de tr\u00eas anos de idade, SPP2007-Juno (M) e SPP2008-Junius (M), ambos com aproximadamente dois anos de idade, agora sob o nosso Programa de Protec\u00e7\u00e3o Especial, foram resgatados pela Anima a 2 de Mar\u00e7o de 2018 durante a alimenta\u00e7\u00e3o de animais em Coloane. SPP2007-Juno e SPP2008-Junius foram encontrados com uma doen\u00e7a respirat\u00f3ria e a tremer. Foram enviados imediatamente a uma cl\u00ednica onde o teste de esgana canina deu positivo. SPP2007-Juno e SPP2008-Junius ficaram na cl\u00ednica para tratamento. A 3 de Mar\u00e7o de 2018 fomos informados pela cl\u00ednica que o v\u00edrus de SPP2008-Junius afectou-lhe o c\u00e9rebro e o sistema nervoso. Ele estava a sofrer com convuls\u00f5es e paralisias. Ap\u00f3s discuss\u00e3o com o veterin\u00e1rio e aprova\u00e7\u00e3o de dois membros do quadro, tom\u00e1-mos a infeliz decis\u00e3o de p\u00f4-lo a dormir. A \u00faltima palavra pertence sempre ao Presidente da Anima, e esta n\u00e3o \u00e9 f\u00e1cil!&#8230;<\/p>\n","protected":false},"author":16,"featured_media":69786,"comment_status":"closed","ping_status":"open","sticky":false,"template":"","format":"gallery","meta":{"_acf_changed":false,"footnotes":""},"categories":[280,271],"tags":[],"class_list":["post-72373","post","type-post","status-publish","format-gallery","has-post-thumbnail","hentry","category-falecidos","category-noticias","post_format-post-format-gallery"],"acf":[],"_links":{"self":[{"href":"https:\/\/www.animamacau.org\/pt-pt\/wp-json\/wp\/v2\/posts\/72373","targetHints":{"allow":["GET"]}}],"collection":[{"href":"https:\/\/www.animamacau.org\/pt-pt\/wp-json\/wp\/v2\/posts"}],"about":[{"href":"https:\/\/www.animamacau.org\/pt-pt\/wp-json\/wp\/v2\/types\/post"}],"author":[{"embeddable":true,"href":"https:\/\/www.animamacau.org\/pt-pt\/wp-json\/wp\/v2\/users\/16"}],"replies":[{"embeddable":true,"href":"https:\/\/www.animamacau.org\/pt-pt\/wp-json\/wp\/v2\/comments?post=72373"}],"version-history":[{"count":1,"href":"https:\/\/www.animamacau.org\/pt-pt\/wp-json\/wp\/v2\/posts\/72373\/revisions"}],"predecessor-version":[{"id":72374,"href":"https:\/\/www.animamacau.org\/pt-pt\/wp-json\/wp\/v2\/posts\/72373\/revisions\/72374"}],"wp:featuredmedia":[{"embeddable":true,"href":"https:\/\/www.animamacau.org\/pt-pt\/wp-json\/wp\/v2\/media\/69786"}],"wp:attachment":[{"href":"https:\/\/www.animamacau.org\/pt-pt\/wp-json\/wp\/v2\/media?parent=72373"}],"wp:term":[{"taxonomy":"category","embeddable":true,"href":"https:\/\/www.animamacau.org\/pt-pt\/wp-json\/wp\/v2\/categories?post=72373"},{"taxonomy":"post_tag","embeddable":true,"href":"https:\/\/www.animamacau.org\/pt-pt\/wp-json\/wp\/v2\/tags?post=72373"}],"curies":[{"name":"wp","href":"https:\/\/api.w.org\/{rel}","templated":true}]}}