{"id":74970,"date":"2018-03-21T03:52:12","date_gmt":"2018-03-21T03:52:12","guid":{"rendered":"http:\/\/www.animamacau.org\/sem-categoria\/anima-march-rescue-c1866-nemo\/"},"modified":"2018-06-04T06:47:28","modified_gmt":"2018-06-04T06:47:28","slug":"anima-march-rescue-c1866-nemo","status":"publish","type":"post","link":"https:\/\/www.animamacau.org\/pt-pt\/anima-march-rescue-c1866-nemo\/","title":{"rendered":"Anima\u2013Resgate de Mar\u00e7o (C1866-Nemo)!"},"content":{"rendered":"<div>\n<p><strong>&lt;21-03-2018&gt;<\/strong><br \/>\n<span style=\"color: #0000ff\"><em><strong>C1866-Nemo (M), com cerca de tr\u00eas meses de idade, foi resgatado pela Anima a 21 de Mar\u00e7o de 2018, ap\u00f3s uma chamada da Sra. Lei afirmando que o gatinho C1866-Nemo ca\u00edu de um edif\u00edcio perto do Caf\u00e9 Amagao na Rua Ho Lin Vong.<\/strong><\/em><\/span><br \/>\n<span style=\"color: #ff0000\">Sangrava um bocadinho do anus, da boca e nariz.<\/span><br \/>\n<span style=\"color: #ff0000\">C1866-Nemo foi logo transportado para uma cl\u00ednica.<\/span><br \/>\n<span style=\"color: #ff0000\">C1866-Nemo tinha uma severa infec\u00e7\u00e3o respirat\u00f3ria e uma conjuntivite.<\/span><br \/>\n<span style=\"color: #ff0000\">Tinha uma descarga de muco nasal, ensaguentado quando espirrava.<\/span><br \/>\n<span style=\"color: #ff0000\">Ap\u00f3s prescri\u00e7\u00e3o m\u00e9dica veio para o Para\u00edso dos Gatos, ficando sob quarentena e tratamento.<\/span><br \/>\n<span style=\"color: #0000ff\"><em><strong>Obrigada, Sra. Lei!<\/strong><\/em><\/span><\/p>\n<p><em><strong>Por favor, ajude-nos a ajud\u00e1-los!<\/strong><\/em><br \/>\n<em><strong>Se deseja ajudar, ajude-nos adoptando e\/ou acolhendo!<\/strong><\/em><br \/>\n<em><strong>Nunca abandone os seus animais de estima\u00e7\u00e3o! Abandonar um animal de estima\u00e7\u00e3o devia ser crime!<\/strong><\/em><\/p>\n<p>&nbsp;<\/p>\n<p><em><span style=\"color: #ff0000\">Ajude-nos doando para: <\/span><\/em><br \/>\n<strong><span style=\"color: #ff0000\">ANIMA \u2013 Sociedade Protectora dos Animais de Macau<\/span><\/strong><br \/>\n<span style=\"color: #ff0000\">para as seguintes contas:<\/span><br \/>\n<span style=\"color: #ff0000\"><span style=\"color: #0000ff\"><strong>Banco Nacional Ultramarino<\/strong><\/span>, MOP conta n\u00famero 9003472840<\/span><br \/>\n<span style=\"color: #ff0000\"><strong><span style=\"color: #0000ff\">Banco da China<\/span><\/strong>, MOP conta n\u00famero 01-01-20-794318<\/span><br \/>\n<span style=\"color: #ff0000\"><span style=\"color: #0000ff\"><strong>ICBC<\/strong><\/span>, MOP conta n\u00famero 0119100200000960934<\/span><br \/>\n<span style=\"color: #ff0000\">(ICBC jetco, favor de n\u00e3o inserir os tr\u00eas primeiros d\u00edgitos)<\/span><br \/>\n<span style=\"color: #ff0000\"><strong><span style=\"color: #0000ff\">Banco Tai Fung<\/span><\/strong>, MOP conta n\u00famero 201-1-10530-7<\/span><br \/>\n<span style=\"color: #ff0000\"><strong><span style=\"color: #0000ff\">Banco Tai Fung<\/span><\/strong>, HKD conta n\u00famero 101-1-12983-3<\/span><br \/>\n<span style=\"color: #ff0000\"><strong><span style=\"color: #0000ff\">Paypal<\/span><\/strong>, albano@animamacau.org<\/span><br \/>\n<em><span style=\"color: #ff0000\">e informe-nos da sua doa\u00e7\u00e3o para anima@macau.ctm.net ou info@animamacau.org<\/span><\/em><\/p>\n<\/div>\n<div><\/div>\n<div>\n\n\t\t<style type=\"text\/css\">\n\t\t\t#gallery-2 {\n\t\t\t\tmargin: auto;\n\t\t\t}\n\t\t\t#gallery-2 .gallery-item {\n\t\t\t\tfloat: left;\n\t\t\t\tmargin-top: 10px;\n\t\t\t\ttext-align: center;\n\t\t\t\twidth: 33%;\n\t\t\t}\n\t\t\t#gallery-2 img {\n\t\t\t\tborder: 2px solid #cfcfcf;\n\t\t\t}\n\t\t\t#gallery-2 .gallery-caption {\n\t\t\t\tmargin-left: 0;\n\t\t\t}\n\t\t\t\/* see gallery_shortcode() in wp-includes\/media.php *\/\n\t\t<\/style>\n\t\t<div id='gallery-2' class='gallery galleryid-74970 gallery-columns-3 gallery-size-thumbnail'><dl class='gallery-item'>\n\t\t\t<dt class='gallery-icon landscape'>\n\t\t\t\t<a href='https:\/\/www.animamacau.org\/pt-pt\/anima-march-rescue-c1866-nemo\/c1866-nemo-3-2\/'><img loading=\"lazy\" decoding=\"async\" width=\"150\" height=\"150\" src=\"https:\/\/www.animamacau.org\/wp-content\/uploads\/2018\/03\/C1866-Nemo-3-150x150.jpg\" class=\"attachment-thumbnail size-thumbnail\" alt=\"\" \/><\/a>\n\t\t\t<\/dt><\/dl><dl class='gallery-item'>\n\t\t\t<dt class='gallery-icon landscape'>\n\t\t\t\t<a href='https:\/\/www.animamacau.org\/pt-pt\/anima-march-rescue-c1866-nemo\/c1866-nemo-2\/'><img loading=\"lazy\" decoding=\"async\" width=\"150\" height=\"150\" src=\"https:\/\/www.animamacau.org\/wp-content\/uploads\/2018\/03\/C1866-Nemo-150x150.jpg\" class=\"attachment-thumbnail size-thumbnail\" alt=\"\" \/><\/a>\n\t\t\t<\/dt><\/dl>\n\t\t\t<br style='clear: both' \/>\n\t\t<\/div>\n\n<\/div>\n<div><a href=\"http:\/\/animamacau.org\/\/wp-content\/uploads\/2018\/03\/C1866-Nemo-2.jpg\"><img loading=\"lazy\" decoding=\"async\" class=\"alignnone size-full wp-image-70643\" src=\"http:\/\/animamacau.org\/\/wp-content\/uploads\/2018\/03\/C1866-Nemo-2.jpg\" alt=\"C1866-Nemo (2)\" width=\"1080\" height=\"1440\" srcset=\"https:\/\/www.animamacau.org\/wp-content\/uploads\/2018\/03\/C1866-Nemo-2.jpg 1080w, https:\/\/www.animamacau.org\/wp-content\/uploads\/2018\/03\/C1866-Nemo-2-225x300.jpg 225w, https:\/\/www.animamacau.org\/wp-content\/uploads\/2018\/03\/C1866-Nemo-2-768x1024.jpg 768w\" sizes=\"auto, (max-width: 1080px) 100vw, 1080px\" \/><\/a><\/div>\n","protected":false},"excerpt":{"rendered":"<p>&lt;21-03-2018&gt; C1866-Nemo (M), com cerca de tr\u00eas meses de idade, foi resgatado pela Anima a 21 de Mar\u00e7o de 2018, ap\u00f3s uma chamada da Sra. Lei afirmando que o gatinho C1866-Nemo ca\u00edu de um edif\u00edcio perto do Caf\u00e9 Amagao na Rua Ho Lin Vong. Sangrava um bocadinho do anus, da boca e nariz. C1866-Nemo foi logo transportado para uma cl\u00ednica. C1866-Nemo tinha uma severa infec\u00e7\u00e3o respirat\u00f3ria e uma conjuntivite. Tinha uma descarga de muco nasal, ensaguentado quando espirrava. Ap\u00f3s prescri\u00e7\u00e3o m\u00e9dica veio para o Para\u00edso dos Gatos, ficando sob quarentena e tratamento. Obrigada, Sra. Lei! Por favor, ajude-nos a ajud\u00e1-los! Se deseja ajudar, ajude-nos adoptando e\/ou acolhendo! Nunca abandone os seus animais de estima\u00e7\u00e3o! Abandonar um animal de estima\u00e7\u00e3o devia ser crime! &nbsp; Ajude-nos doando para: ANIMA \u2013 Sociedade Protectora dos Animais de Macau para as seguintes contas: Banco Nacional Ultramarino, MOP conta n\u00famero 9003472840&#8230;<\/p>\n","protected":false},"author":16,"featured_media":70642,"comment_status":"closed","ping_status":"open","sticky":false,"template":"","format":"gallery","meta":{"_acf_changed":false,"footnotes":""},"categories":[295,271],"tags":[],"class_list":["post-74970","post","type-post","status-publish","format-gallery","has-post-thumbnail","hentry","category-animais-resgatados","category-noticias","post_format-post-format-gallery"],"acf":[],"_links":{"self":[{"href":"https:\/\/www.animamacau.org\/pt-pt\/wp-json\/wp\/v2\/posts\/74970","targetHints":{"allow":["GET"]}}],"collection":[{"href":"https:\/\/www.animamacau.org\/pt-pt\/wp-json\/wp\/v2\/posts"}],"about":[{"href":"https:\/\/www.animamacau.org\/pt-pt\/wp-json\/wp\/v2\/types\/post"}],"author":[{"embeddable":true,"href":"https:\/\/www.animamacau.org\/pt-pt\/wp-json\/wp\/v2\/users\/16"}],"replies":[{"embeddable":true,"href":"https:\/\/www.animamacau.org\/pt-pt\/wp-json\/wp\/v2\/comments?post=74970"}],"version-history":[{"count":2,"href":"https:\/\/www.animamacau.org\/pt-pt\/wp-json\/wp\/v2\/posts\/74970\/revisions"}],"predecessor-version":[{"id":74972,"href":"https:\/\/www.animamacau.org\/pt-pt\/wp-json\/wp\/v2\/posts\/74970\/revisions\/74972"}],"wp:featuredmedia":[{"embeddable":true,"href":"https:\/\/www.animamacau.org\/pt-pt\/wp-json\/wp\/v2\/media\/70642"}],"wp:attachment":[{"href":"https:\/\/www.animamacau.org\/pt-pt\/wp-json\/wp\/v2\/media?parent=74970"}],"wp:term":[{"taxonomy":"category","embeddable":true,"href":"https:\/\/www.animamacau.org\/pt-pt\/wp-json\/wp\/v2\/categories?post=74970"},{"taxonomy":"post_tag","embeddable":true,"href":"https:\/\/www.animamacau.org\/pt-pt\/wp-json\/wp\/v2\/tags?post=74970"}],"curies":[{"name":"wp","href":"https:\/\/api.w.org\/{rel}","templated":true}]}}