{"id":75502,"date":"2018-03-28T04:32:37","date_gmt":"2018-03-28T04:32:37","guid":{"rendered":"http:\/\/www.animamacau.org\/sem-categoria\/anima-march-rescue-and-sad-news-spp2013-winnie\/"},"modified":"2018-06-25T07:29:05","modified_gmt":"2018-06-25T07:29:05","slug":"anima-march-rescue-and-sad-news-spp2013-winnie","status":"publish","type":"post","link":"https:\/\/www.animamacau.org\/pt-pt\/anima-march-rescue-and-sad-news-spp2013-winnie\/","title":{"rendered":"Anima\u2013Resgate e Tristes Not\u00edcias (SPP2013-Winnie)!"},"content":{"rendered":"<p><strong>&lt;28-03-2018&gt;<\/strong><br \/>\n<span style=\"color: #0000ff\"><em><strong>SPP2013-Winnie (F), com aproximadamente dois anos de idade, agora sob o nosso Programa de Protec\u00e7\u00e3o Especial Special, foi resgatada pela Anima a 24 de Mar\u00e7o de 2018, ap\u00f3s uma chamada da Sra. Peng afirmando que SPP2013-Winnie <\/strong><\/em><\/span><br \/>\n<span style=\"color: #0000ff\"><em><strong>estava doente, a perder peso e incapaz de se manter em p\u00e9.<\/strong><\/em><\/span><br \/>\n<span style=\"color: #ff0000\">SPP2013-Winnie foi enviada para uma cl\u00ednica e diagnosticada com cinomose canina.<\/span><br \/>\n<span style=\"color: #ff0000\">Ap\u00f3s medica\u00e7\u00e3o prescrita, foi devolvida ao seu local.<\/span><br \/>\n<em><strong><span style=\"color: #0000ff\">Hoje fomos informados pelo Sr. Ho dizendo que SPP2013-Winnie estava quase a morrer.<\/span><\/strong><\/em><br \/>\n<span style=\"color: #ff0000\">Foi imediatamente enviada para uma cl\u00ednica.<\/span><br \/>\n<span style=\"color: #ff0000\">De acordo com o veterin\u00e1rio, montes de larvas foram encontradas na sua boca. <\/span><br \/>\n<span style=\"color: #ff0000\">Sofria inconscientemente.<\/span><br \/>\n<span style=\"color: #ff0000\">Ap\u00f3s discuss\u00e3o com o veterin\u00e1rio e aprova\u00e7\u00e3o de dois membros da associa\u00e7\u00e3o, tom\u00e1mos a infeliz decis\u00e3o de a eutanasiar.<\/span><br \/>\n<span style=\"color: #ff0000\">A \u00faltima decis\u00e3o pertence sempre ao Presidente da Anima e, esta n\u00e3o \u00e9 nada f\u00e1cil!<\/span><br \/>\n<span style=\"color: #0000ff\"><em><strong>Descansa em paz, minha amiga!<\/strong><\/em><\/span><\/p>\n<p><span style=\"color: #000000\"><em><strong>Por favor, ajude-nos a ajud\u00e1-los!<\/strong><\/em><\/span><br \/>\n<span style=\"color: #000000\"><em><strong>Nunca abandone os seus animais de estima\u00e7\u00e3o! Abandonar um animal \u00e9 abandonar um membro da fam\u00edlia!<\/p>\n<p><\/strong><\/em><\/span><\/p>\n<p><span style=\"color: #ff0000\"><em>Ajude-nos doando para:<\/em> <\/span><br \/>\n<strong><span style=\"color: #ff0000\">ANIMA \u2013 Sociedade Protectora dos Animais de Macau<\/span><\/strong><br \/>\n<span style=\"color: #ff0000\">para as seguintes contas:<\/span><br \/>\n<span style=\"color: #ff0000\"><span style=\"color: #0000ff\"><strong>Banco Nacional Ultramarino<\/strong><\/span>, MOP conta n\u00famero 9003472840<\/span><br \/>\n<span style=\"color: #ff0000\"><strong><span style=\"color: #0000ff\">Banco da China<\/span><\/strong>, MOP conta n\u00famero 01-01-20-794318<\/span><br \/>\n<span style=\"color: #ff0000\"><strong><span style=\"color: #0000ff\">ICBC<\/span><\/strong>, MOP conta n\u00famero 0119100200000960934<\/span><br \/>\n<span style=\"color: #ff0000\">(ICBC jetco, favor de n\u00e3o inserir os tr\u00eas primeiros d\u00edgitos)<\/span><br \/>\n<span style=\"color: #ff0000\"><strong><span style=\"color: #0000ff\">Banco Tai Fung<\/span><\/strong>, MOP conta n\u00famero 201-1-10530-7<\/span><br \/>\n<span style=\"color: #ff0000\"><span style=\"color: #0000ff\"><strong>Banco Tai Fung<\/strong><\/span>, HKD conta n\u00famero 101-1-12983-3<\/span><br \/>\n<span style=\"color: #ff0000\"><span style=\"color: #0000ff\"><strong>Paypal<\/strong><\/span>, albano@animamacau.org<\/span><br \/>\n<em><span style=\"color: #ff0000\">e informe-nos da sua doa\u00e7\u00e3o para anima@macau.ctm.net ou info@animamacau.org<\/span><\/em><\/p>\n\n\t\t<style type=\"text\/css\">\n\t\t\t#gallery-2 {\n\t\t\t\tmargin: auto;\n\t\t\t}\n\t\t\t#gallery-2 .gallery-item {\n\t\t\t\tfloat: left;\n\t\t\t\tmargin-top: 10px;\n\t\t\t\ttext-align: center;\n\t\t\t\twidth: 33%;\n\t\t\t}\n\t\t\t#gallery-2 img {\n\t\t\t\tborder: 2px solid #cfcfcf;\n\t\t\t}\n\t\t\t#gallery-2 .gallery-caption {\n\t\t\t\tmargin-left: 0;\n\t\t\t}\n\t\t\t\/* see gallery_shortcode() in wp-includes\/media.php *\/\n\t\t<\/style>\n\t\t<div id='gallery-2' class='gallery galleryid-75502 gallery-columns-3 gallery-size-thumbnail'><dl class='gallery-item'>\n\t\t\t<dt class='gallery-icon landscape'>\n\t\t\t\t<a href='https:\/\/www.animamacau.org\/pt-pt\/anima-march-rescue-and-sad-news-spp2013-winnie\/spp2013-winnie-5-2-2\/'><img loading=\"lazy\" decoding=\"async\" width=\"150\" height=\"150\" src=\"https:\/\/www.animamacau.org\/wp-content\/uploads\/2018\/04\/SPP2013-Winnie-51-150x150.jpg\" class=\"attachment-thumbnail size-thumbnail\" alt=\"\" \/><\/a>\n\t\t\t<\/dt><\/dl><dl class='gallery-item'>\n\t\t\t<dt class='gallery-icon landscape'>\n\t\t\t\t<a href='https:\/\/www.animamacau.org\/pt-pt\/anima-march-rescue-and-spp-spp2013-winnie\/spp2013-winnie-2-2-2\/'><img loading=\"lazy\" decoding=\"async\" width=\"150\" height=\"150\" src=\"https:\/\/www.animamacau.org\/wp-content\/uploads\/2018\/04\/SPP2013-Winnie-2-150x150.jpeg\" class=\"attachment-thumbnail size-thumbnail\" alt=\"\" \/><\/a>\n\t\t\t<\/dt><\/dl>\n\t\t\t<br style='clear: both' \/>\n\t\t<\/div>\n\n","protected":false},"excerpt":{"rendered":"<p>&lt;28-03-2018&gt; SPP2013-Winnie (F), com aproximadamente dois anos de idade, agora sob o nosso Programa de Protec\u00e7\u00e3o Especial Special, foi resgatada pela Anima a 24 de Mar\u00e7o de 2018, ap\u00f3s uma chamada da Sra. Peng afirmando que SPP2013-Winnie estava doente, a perder peso e incapaz de se manter em p\u00e9. SPP2013-Winnie foi enviada para uma cl\u00ednica e diagnosticada com cinomose canina. Ap\u00f3s medica\u00e7\u00e3o prescrita, foi devolvida ao seu local. Hoje fomos informados pelo Sr. Ho dizendo que SPP2013-Winnie estava quase a morrer. Foi imediatamente enviada para uma cl\u00ednica. De acordo com o veterin\u00e1rio, montes de larvas foram encontradas na sua boca. Sofria inconscientemente. Ap\u00f3s discuss\u00e3o com o veterin\u00e1rio e aprova\u00e7\u00e3o de dois membros da associa\u00e7\u00e3o, tom\u00e1mos a infeliz decis\u00e3o de a eutanasiar. A \u00faltima decis\u00e3o pertence sempre ao Presidente da Anima e, esta n\u00e3o \u00e9 nada f\u00e1cil! Descansa em paz, minha amiga! Por favor, ajude-nos a&#8230;<\/p>\n","protected":false},"author":10,"featured_media":71163,"comment_status":"closed","ping_status":"open","sticky":false,"template":"","format":"gallery","meta":{"_acf_changed":false,"footnotes":""},"categories":[295,280,271],"tags":[],"class_list":["post-75502","post","type-post","status-publish","format-gallery","has-post-thumbnail","hentry","category-animais-resgatados","category-falecidos","category-noticias","post_format-post-format-gallery"],"acf":[],"_links":{"self":[{"href":"https:\/\/www.animamacau.org\/pt-pt\/wp-json\/wp\/v2\/posts\/75502","targetHints":{"allow":["GET"]}}],"collection":[{"href":"https:\/\/www.animamacau.org\/pt-pt\/wp-json\/wp\/v2\/posts"}],"about":[{"href":"https:\/\/www.animamacau.org\/pt-pt\/wp-json\/wp\/v2\/types\/post"}],"author":[{"embeddable":true,"href":"https:\/\/www.animamacau.org\/pt-pt\/wp-json\/wp\/v2\/users\/10"}],"replies":[{"embeddable":true,"href":"https:\/\/www.animamacau.org\/pt-pt\/wp-json\/wp\/v2\/comments?post=75502"}],"version-history":[{"count":1,"href":"https:\/\/www.animamacau.org\/pt-pt\/wp-json\/wp\/v2\/posts\/75502\/revisions"}],"predecessor-version":[{"id":75503,"href":"https:\/\/www.animamacau.org\/pt-pt\/wp-json\/wp\/v2\/posts\/75502\/revisions\/75503"}],"wp:featuredmedia":[{"embeddable":true,"href":"https:\/\/www.animamacau.org\/pt-pt\/wp-json\/wp\/v2\/media\/71163"}],"wp:attachment":[{"href":"https:\/\/www.animamacau.org\/pt-pt\/wp-json\/wp\/v2\/media?parent=75502"}],"wp:term":[{"taxonomy":"category","embeddable":true,"href":"https:\/\/www.animamacau.org\/pt-pt\/wp-json\/wp\/v2\/categories?post=75502"},{"taxonomy":"post_tag","embeddable":true,"href":"https:\/\/www.animamacau.org\/pt-pt\/wp-json\/wp\/v2\/tags?post=75502"}],"curies":[{"name":"wp","href":"https:\/\/api.w.org\/{rel}","templated":true}]}}