{"id":76302,"date":"2018-04-15T03:18:40","date_gmt":"2018-04-15T03:18:40","guid":{"rendered":"http:\/\/www.animamacau.org\/sem-categoria\/anima-april-adoption-1977-zavier\/"},"modified":"2018-07-09T08:31:59","modified_gmt":"2018-07-09T08:31:59","slug":"anima-april-adoption-1977-zavier","status":"publish","type":"post","link":"https:\/\/www.animamacau.org\/pt-pt\/anima-april-adoption-1977-zavier\/","title":{"rendered":"Anima\u2013Adop\u00e7\u00e3o de Abril (1977-Zavier)!"},"content":{"rendered":"<p><strong>&lt;15-04-2018&gt;<\/strong><br \/>\n<span style=\"color: #0000ff\"><em><strong>Zavier foi adoptado pela Sra. Raquel a 15 de Abril de 2018!<\/strong><\/em><\/span><br \/>\n<span style=\"color: #ff0000\">A m\u00e3e, 1972-Zanna (F), com cerca de dois anos de idade na altura, com os seus cachorrinhos, 1973-Zandra (F), 1974-Zalla (F), 1975-Zavia (F), 1976-Zena (F), 1977-Zavier (M), 1978-Zeno (M) e 1979-Zeki (M), foram resgatados pela Anima a 15 de Janeiro de 2018 quando eles tinham cerca de dois dias de idade, ap\u00f3s uma chamada da Sra. Kuok reportando que a m\u00e3e cadela deu \u00e0 luz uma ninhada de sete cachorrinhos.<\/span><br \/>\n<span style=\"color: #ff0000\">Todos ficaram connosco desde essa altura.<\/span><br \/>\n<span style=\"color: #ff0000\">1977-Zavier foi hoje adoptado!<\/span><br \/>\n<span style=\"color: #0000ff\"><em><strong>Obrigada, Sra. Raquel!<\/strong><\/em><\/span><\/p>\n<p><span style=\"color: #000000\"><em><strong>Por favor, ajude-nos a ajud\u00e1-los!<\/strong><\/em><\/span><br \/>\n<span style=\"color: #000000\"><em><strong>Se adoptar, estar\u00e1 a ajudar mais animais em perigo!<\/strong><\/em><\/span><\/p>\n<p>&nbsp;<\/p>\n<p>&nbsp;<\/p>\n<p><span style=\"color: #ff0000\"><em>Ajude-nos doando para:<\/em> <\/span><br \/>\n<strong><span style=\"color: #ff0000\">ANIMA \u2013 Sociedade Protectora dos Animais de Macau<\/span><\/strong><br \/>\n<span style=\"color: #ff0000\">para as seguintes contas:<\/span><br \/>\n<span style=\"color: #ff0000\"><span style=\"color: #0000ff\"><strong>Banco Nacional Ultramarino<\/strong><\/span>, MOP conta n\u00famero 9003472840<\/span><br \/>\n<span style=\"color: #ff0000\"><strong><span style=\"color: #0000ff\">Banco da China<\/span><\/strong>, MOP conta n\u00famero 01-01-20-794318<\/span><br \/>\n<span style=\"color: #ff0000\"><strong><span style=\"color: #0000ff\">ICBC<\/span><\/strong>, MOP conta n\u00famero 0119100200000960934<\/span><br \/>\n<span style=\"color: #ff0000\">(ICBC jetco, favor de n\u00e3o inserir os tr\u00eas primeiros d\u00edgitos)<\/span><br \/>\n<span style=\"color: #ff0000\"><strong><span style=\"color: #0000ff\">Banco Tai Fung<\/span><\/strong>, MOP conta n\u00famero 201-1-10530-7<\/span><br \/>\n<span style=\"color: #ff0000\"><strong><span style=\"color: #0000ff\">Banco Tai Fung<\/span><\/strong>, HKD conta n\u00famero 101-1-12983-3<\/span><br \/>\n<span style=\"color: #ff0000\"><strong><span style=\"color: #0000ff\">Paypal<\/span><\/strong>, albano@animamacau.org<\/span><br \/>\n<em><span style=\"color: #ff0000\">e informe-nos da sua doa\u00e7\u00e3o para anima@macau.ctm.net ou info@animamacau.org<\/span><\/em><\/p>\n\n\t\t<style type=\"text\/css\">\n\t\t\t#gallery-2 {\n\t\t\t\tmargin: auto;\n\t\t\t}\n\t\t\t#gallery-2 .gallery-item {\n\t\t\t\tfloat: left;\n\t\t\t\tmargin-top: 10px;\n\t\t\t\ttext-align: center;\n\t\t\t\twidth: 33%;\n\t\t\t}\n\t\t\t#gallery-2 img {\n\t\t\t\tborder: 2px solid #cfcfcf;\n\t\t\t}\n\t\t\t#gallery-2 .gallery-caption {\n\t\t\t\tmargin-left: 0;\n\t\t\t}\n\t\t\t\/* see gallery_shortcode() in wp-includes\/media.php *\/\n\t\t<\/style>\n\t\t<div id='gallery-2' class='gallery galleryid-76302 gallery-columns-3 gallery-size-thumbnail'><dl class='gallery-item'>\n\t\t\t<dt class='gallery-icon landscape'>\n\t\t\t\t<a href='https:\/\/www.animamacau.org\/pt-pt\/anima-january-rescue-and-sad-news-1972-1979\/1977-zavier-3\/'><img loading=\"lazy\" decoding=\"async\" width=\"150\" height=\"150\" src=\"https:\/\/www.animamacau.org\/wp-content\/uploads\/2018\/01\/1977-Zavier-150x150.jpg\" class=\"attachment-thumbnail size-thumbnail\" alt=\"\" \/><\/a>\n\t\t\t<\/dt><\/dl><dl class='gallery-item'>\n\t\t\t<dt class='gallery-icon landscape'>\n\t\t\t\t<a href='https:\/\/www.animamacau.org\/pt-pt\/anima-january-rescue-and-sad-news-1972-1979\/1973-zandra-1974-zalla-1977-zavier-1978-zeno-and-1979-zeki-3\/'><img loading=\"lazy\" decoding=\"async\" width=\"150\" height=\"150\" src=\"https:\/\/www.animamacau.org\/wp-content\/uploads\/2018\/01\/1973-Zandra-1974-Zalla-1977-Zavier-1978-Zeno-and-1979-Zeki-150x150.jpg\" class=\"attachment-thumbnail size-thumbnail\" alt=\"\" \/><\/a>\n\t\t\t<\/dt><\/dl><dl class='gallery-item'>\n\t\t\t<dt class='gallery-icon landscape'>\n\t\t\t\t<a href='https:\/\/www.animamacau.org\/pt-pt\/anima-april-adoption-1977-zavier\/1977-zavier-with-adopter-2\/'><img loading=\"lazy\" decoding=\"async\" width=\"150\" height=\"150\" src=\"https:\/\/www.animamacau.org\/wp-content\/uploads\/2018\/04\/1977-Zavier-with-adopter-150x150.jpg\" class=\"attachment-thumbnail size-thumbnail\" alt=\"\" \/><\/a>\n\t\t\t<\/dt><\/dl><br style=\"clear: both\" \/>\n\t\t<\/div>\n\n","protected":false},"excerpt":{"rendered":"<p>&lt;15-04-2018&gt; Zavier foi adoptado pela Sra. Raquel a 15 de Abril de 2018! A m\u00e3e, 1972-Zanna (F), com cerca de dois anos de idade na altura, com os seus cachorrinhos, 1973-Zandra (F), 1974-Zalla (F), 1975-Zavia (F), 1976-Zena (F), 1977-Zavier (M), 1978-Zeno (M) e 1979-Zeki (M), foram resgatados pela Anima a 15 de Janeiro de 2018 quando eles tinham cerca de dois dias de idade, ap\u00f3s uma chamada da Sra. Kuok reportando que a m\u00e3e cadela deu \u00e0 luz uma ninhada de sete cachorrinhos. Todos ficaram connosco desde essa altura. 1977-Zavier foi hoje adoptado! Obrigada, Sra. Raquel! Por favor, ajude-nos a ajud\u00e1-los! Se adoptar, estar\u00e1 a ajudar mais animais em perigo! &nbsp; &nbsp; Ajude-nos doando para: ANIMA \u2013 Sociedade Protectora dos Animais de Macau para as seguintes contas: Banco Nacional Ultramarino, MOP conta n\u00famero 9003472840 Banco da China, MOP conta n\u00famero 01-01-20-794318 ICBC, MOP conta n\u00famero&#8230;<\/p>\n","protected":false},"author":16,"featured_media":0,"comment_status":"closed","ping_status":"open","sticky":false,"template":"","format":"gallery","meta":{"_acf_changed":false,"footnotes":""},"categories":[284,271],"tags":[],"class_list":["post-76302","post","type-post","status-publish","format-gallery","hentry","category-finais-felizes","category-noticias","post_format-post-format-gallery"],"acf":[],"_links":{"self":[{"href":"https:\/\/www.animamacau.org\/pt-pt\/wp-json\/wp\/v2\/posts\/76302","targetHints":{"allow":["GET"]}}],"collection":[{"href":"https:\/\/www.animamacau.org\/pt-pt\/wp-json\/wp\/v2\/posts"}],"about":[{"href":"https:\/\/www.animamacau.org\/pt-pt\/wp-json\/wp\/v2\/types\/post"}],"author":[{"embeddable":true,"href":"https:\/\/www.animamacau.org\/pt-pt\/wp-json\/wp\/v2\/users\/16"}],"replies":[{"embeddable":true,"href":"https:\/\/www.animamacau.org\/pt-pt\/wp-json\/wp\/v2\/comments?post=76302"}],"version-history":[{"count":1,"href":"https:\/\/www.animamacau.org\/pt-pt\/wp-json\/wp\/v2\/posts\/76302\/revisions"}],"predecessor-version":[{"id":76303,"href":"https:\/\/www.animamacau.org\/pt-pt\/wp-json\/wp\/v2\/posts\/76302\/revisions\/76303"}],"wp:attachment":[{"href":"https:\/\/www.animamacau.org\/pt-pt\/wp-json\/wp\/v2\/media?parent=76302"}],"wp:term":[{"taxonomy":"category","embeddable":true,"href":"https:\/\/www.animamacau.org\/pt-pt\/wp-json\/wp\/v2\/categories?post=76302"},{"taxonomy":"post_tag","embeddable":true,"href":"https:\/\/www.animamacau.org\/pt-pt\/wp-json\/wp\/v2\/tags?post=76302"}],"curies":[{"name":"wp","href":"https:\/\/api.w.org\/{rel}","templated":true}]}}