{"id":87307,"date":"2019-02-19T11:26:02","date_gmt":"2019-02-19T11:26:02","guid":{"rendered":"http:\/\/www.animamacau.org\/anima-resgate-de-fevereiro-spp2028spp2029spp2085\/"},"modified":"2019-06-11T13:48:45","modified_gmt":"2019-06-11T13:48:45","slug":"anima-resgate-de-fevereiro-spp2028spp2029spp2085","status":"publish","type":"post","link":"https:\/\/www.animamacau.org\/pt-pt\/anima-resgate-de-fevereiro-spp2028spp2029spp2085\/","title":{"rendered":"Anima \u2013Resgate de fevereiro (SPP2028;SPP2029;SPP2085)!"},"content":{"rendered":"<p><strong>&lt;19-02-2019&gt;<\/strong><\/p>\n<p><span style=\"color: #ff0000\">SPP2085-Yves (M), com cerca de quatro meses de idade e sob o nosso Programa de Prote\u00e7\u00e3o Especial foi hoje resgatado pela Anima, ap\u00f3s uma chamada da Sra. Choi, respons\u00e1vel por ele e afirmando que a sua face estava inchada e tinha febre novamente.<\/span><br \/>\n<span style=\"color: #ff0000\">Contudo, SPP2085-Yves foi enviado para o nosso Abrigo dos C\u00e3es, para fazer an\u00e1lises cl\u00ednicas e o resultado foi positivo para parvovirose. <\/span><br \/>\n<span style=\"color: #ff0000\">Yves n\u00e3o podia ficar no Abrigo para n\u00e3o infetar outros c\u00e3es. Por isso, foi enviado para uma cl\u00ednica externa. <\/span><br \/>\n<span style=\"color: #ff0000\">Devido a esta situa\u00e7\u00e3o, consult\u00e1mos outros dois c\u00e3es do mesmo local que Yves, SPP2028-Zara e SPP2029-Zan. <\/span><br \/>\n<span style=\"color: #ff0000\">O resultado das an\u00e1lises foi negativo para SPP2028-Zara, mas positivo para SPP2029-Zan. <\/span><br \/>\n<span style=\"color: #ff0000\">Zan n\u00e3o apresenta febre nem sintomas do v\u00edrus. No entanto, fica isolado de outros c\u00e3es para evitar cont\u00e1gio.<\/span><\/p>\n<p><span style=\"color: #000000\"><em><strong>Por favor, ajude-nos a ajud\u00e1-los!<\/strong><\/em><\/span><br \/>\n<span style=\"color: #000000\"><em><strong>Se deseja ajudar, ajude-nos adotando ou acolhendo!<\/strong><\/em><\/span><br \/>\n<span style=\"color: #000000\"><em><strong>Nunca abandone o seu animal de estima\u00e7\u00e3o! Abandonar o seu animal de estima\u00e7\u00e3o deve ser crime!<\/strong><\/em><\/span><\/p>\n<p>&nbsp;<\/p>\n<p>&nbsp;<\/p>\n<p><span style=\"color: #ff0000\"><em>Ajude-nos doando para:<\/em> <\/span><br \/>\n<span style=\"color: #ff0000\"><strong>ANIMA \u2013 Sociedade Protetora dos Animais de Macau<\/strong><\/span><br \/>\n<span style=\"color: #ff0000\">para as seguintes contas:<\/span><br \/>\n<span style=\"color: #ff0000\"><strong><span style=\"color: #0000ff\">Banco Nacional Ultramarino<\/span><\/strong>, MOP conta n\u00famero 9003472840<\/span><br \/>\n<span style=\"color: #ff0000\"><span style=\"color: #0000ff\"><strong>Banco da China<\/strong><\/span>, MOP conta n\u00famero 01-01-20-794318<\/span><br \/>\n<span style=\"color: #ff0000\"><strong><span style=\"color: #0000ff\">ICBC<\/span><\/strong>, MOP conta n\u00famero 0119100200000960934<\/span><br \/>\n<span style=\"color: #ff0000\">(ICBC jetco, favor de n\u00e3o inserir os tr\u00eas primeiros d\u00edgitos)<\/span><br \/>\n<span style=\"color: #ff0000\"><span style=\"color: #0000ff\"><strong>Banco Tai Fung<\/strong><\/span>, MOP conta n\u00famero 201-1-10530-7<\/span><br \/>\n<span style=\"color: #ff0000\"><span style=\"color: #0000ff\"><strong>Banco Tai Fung<\/strong><\/span>, HKD conta n\u00famero 101-1-12983-3<\/span><br \/>\n<span style=\"color: #ff0000\"><span style=\"color: #0000ff\"><strong>PayPal<\/strong><\/span>, albano@animamacau.org<\/span><br \/>\n<em><span style=\"color: #ff0000\">e informe-nos do seu donativo para anima@macau.ctm.net ou info@animamacau.org<\/span><\/em><\/p>\n<p>&nbsp;<\/p>\n","protected":false},"excerpt":{"rendered":"<p>&lt;19-02-2019&gt; SPP2085-Yves (M), com cerca de quatro meses de idade e sob o nosso Programa de Prote\u00e7\u00e3o Especial foi hoje resgatado pela Anima, ap\u00f3s uma chamada da Sra. Choi, respons\u00e1vel por ele e afirmando que a sua face estava inchada e tinha febre novamente. Contudo, SPP2085-Yves foi enviado para o nosso Abrigo dos C\u00e3es, para fazer an\u00e1lises cl\u00ednicas e o resultado foi positivo para parvovirose. Yves n\u00e3o podia ficar no Abrigo para n\u00e3o infetar outros c\u00e3es. Por isso, foi enviado para uma cl\u00ednica externa. Devido a esta situa\u00e7\u00e3o, consult\u00e1mos outros dois c\u00e3es do mesmo local que Yves, SPP2028-Zara e SPP2029-Zan. O resultado das an\u00e1lises foi negativo para SPP2028-Zara, mas positivo para SPP2029-Zan. Zan n\u00e3o apresenta febre nem sintomas do v\u00edrus. No entanto, fica isolado de outros c\u00e3es para evitar cont\u00e1gio. Por favor, ajude-nos a ajud\u00e1-los! Se deseja ajudar, ajude-nos adotando ou acolhendo! Nunca abandone o&#8230;<\/p>\n","protected":false},"author":1,"featured_media":81478,"comment_status":"closed","ping_status":"open","sticky":false,"template":"","format":"standard","meta":{"_acf_changed":false,"footnotes":""},"categories":[295,271],"tags":[],"class_list":["post-87307","post","type-post","status-publish","format-standard","has-post-thumbnail","hentry","category-animais-resgatados","category-noticias"],"acf":[],"_links":{"self":[{"href":"https:\/\/www.animamacau.org\/pt-pt\/wp-json\/wp\/v2\/posts\/87307","targetHints":{"allow":["GET"]}}],"collection":[{"href":"https:\/\/www.animamacau.org\/pt-pt\/wp-json\/wp\/v2\/posts"}],"about":[{"href":"https:\/\/www.animamacau.org\/pt-pt\/wp-json\/wp\/v2\/types\/post"}],"author":[{"embeddable":true,"href":"https:\/\/www.animamacau.org\/pt-pt\/wp-json\/wp\/v2\/users\/1"}],"replies":[{"embeddable":true,"href":"https:\/\/www.animamacau.org\/pt-pt\/wp-json\/wp\/v2\/comments?post=87307"}],"version-history":[{"count":1,"href":"https:\/\/www.animamacau.org\/pt-pt\/wp-json\/wp\/v2\/posts\/87307\/revisions"}],"predecessor-version":[{"id":87321,"href":"https:\/\/www.animamacau.org\/pt-pt\/wp-json\/wp\/v2\/posts\/87307\/revisions\/87321"}],"wp:featuredmedia":[{"embeddable":true,"href":"https:\/\/www.animamacau.org\/pt-pt\/wp-json\/wp\/v2\/media\/81478"}],"wp:attachment":[{"href":"https:\/\/www.animamacau.org\/pt-pt\/wp-json\/wp\/v2\/media?parent=87307"}],"wp:term":[{"taxonomy":"category","embeddable":true,"href":"https:\/\/www.animamacau.org\/pt-pt\/wp-json\/wp\/v2\/categories?post=87307"},{"taxonomy":"post_tag","embeddable":true,"href":"https:\/\/www.animamacau.org\/pt-pt\/wp-json\/wp\/v2\/tags?post=87307"}],"curies":[{"name":"wp","href":"https:\/\/api.w.org\/{rel}","templated":true}]}}