{"id":91638,"date":"2019-10-22T23:27:40","date_gmt":"2019-10-22T23:27:40","guid":{"rendered":"http:\/\/www.animamacau.org\/anima-resgate-de-outubro-2190-aki\/"},"modified":"2019-12-09T10:51:43","modified_gmt":"2019-12-09T10:51:43","slug":"anima-resgate-de-outubro-2190-aki","status":"publish","type":"post","link":"https:\/\/www.animamacau.org\/pt-pt\/anima-resgate-de-outubro-2190-aki\/","title":{"rendered":"Anima\u2013Resgate de outubro (2190-Aki)!"},"content":{"rendered":"<p><strong>&lt;22-10-2019&gt;<\/strong><\/p>\n<p><span style=\"color: #ff0000\">2189-Ali (F), com perto de oito meses de idade, foi resgatada pela Anima a 21 de outubro de 2019, ap\u00f3s uma chamada an\u00f3nima de algu\u00e9m dizendo que tinha dois c\u00e3es ao seu encargo desde que o seu antigo dono, que os adotou do Canil de Macau, os abandonou em frente do seu local de trabalho.<\/span><br \/>\n<span style=\"color: #ff0000\">Ambos passaram a vida presos com coleiras muito apertadas, desde pequenos, o que nunca permitiu resgat\u00e1-los. <\/span><br \/>\n<span style=\"color: #ff0000\">Pediu-nos ajuda!<\/span><br \/>\n<span style=\"color: #ff0000\">Fomos capazes de resgatar Ali, um dos c\u00e3es e a qual foi enviada imediatamente para uma cl\u00ednica devido a um corte profundo no pesco\u00e7o causado pela coleira.<\/span><br \/>\n<span style=\"color: #ff0000\">2190-Aki (F), com perto de oito meses de idade, foi resgatada pela Anima a 22 de outubro de 2019. <\/span><br \/>\n<span style=\"color: #ff0000\">Aki foi enviada para uma cl\u00ednica devido a feridas id\u00eanticas a Ali.<\/span><\/p>\n<p><span style=\"color: #000000\"><strong><em>Por favor, ajude-nos a ajud\u00e1-los!<\/em><\/strong><\/span><br \/>\n<span style=\"color: #000000\"><strong><em>Se deseja ajudar, pode adotar ou acolher!<\/em><\/strong><\/span><br \/>\n<span style=\"color: #000000\"><strong><em>Nunca abandone os seus animais de estima\u00e7\u00e3o! Abandonar um animal de estima\u00e7\u00e3o devia ser crime!<\/em><\/strong><\/span><\/p>\n<p>&nbsp;<\/p>\n<p>&nbsp;<\/p>\n<p><em><span style=\"color: #ff0000\">Ajude-nos doando para:<\/span><\/em><br \/>\n<strong><span style=\"color: #ff0000\">ANIMA \u2013 Sociedade Protetora dos Animais de Macau<\/span><\/strong><br \/>\n<span style=\"color: #ff0000\">para as seguintes contas:<\/span><br \/>\n<span style=\"color: #ff0000\"><strong><span style=\"color: #0000ff\">Banco Nacional Ultramarino<\/span><\/strong>, MOP conta n\u00famero 9003472840<\/span><br \/>\n<span style=\"color: #ff0000\"><strong><span style=\"color: #0000ff\">Banco da China<\/span><\/strong>, MOP conta n\u00famero 01-01-20-794318<\/span><br \/>\n<span style=\"color: #ff0000\"><strong><span style=\"color: #0000ff\">ICBC<\/span><\/strong>, MOP conta n\u00famero 0119100200000960934<\/span><br \/>\n<span style=\"color: #ff0000\">(ICBC jetco, favor de n\u00e3o inserir os tr\u00eas primeiros d\u00edgitos)<\/span><br \/>\n<span style=\"color: #ff0000\"><strong><span style=\"color: #0000ff\">Banco Tai Fung<\/span><\/strong>, MOP conta n\u00famero 201-1-10530-7<\/span><br \/>\n<span style=\"color: #ff0000\"><strong><span style=\"color: #0000ff\">Banco Tai Fung<\/span><\/strong>, HKD conta n\u00famero 101-1-12983-3<\/span><br \/>\n<span style=\"color: #ff0000\"><strong><span style=\"color: #0000ff\">Paypal<\/span><\/strong>, albano@animamacau.org<\/span><br \/>\n<em><span style=\"color: #ff0000\">e informe-nos da sua doa\u00e7\u00e3o para anima@macau.ctm.net ou info@animamacau.org<\/span><\/em><\/p>\n","protected":false},"excerpt":{"rendered":"<p>&lt;22-10-2019&gt; 2189-Ali (F), com perto de oito meses de idade, foi resgatada pela Anima a 21 de outubro de 2019, ap\u00f3s uma chamada an\u00f3nima de algu\u00e9m dizendo que tinha dois c\u00e3es ao seu encargo desde que o seu antigo dono, que os adotou do Canil de Macau, os abandonou em frente do seu local de trabalho. Ambos passaram a vida presos com coleiras muito apertadas, desde pequenos, o que nunca permitiu resgat\u00e1-los. Pediu-nos ajuda! Fomos capazes de resgatar Ali, um dos c\u00e3es e a qual foi enviada imediatamente para uma cl\u00ednica devido a um corte profundo no pesco\u00e7o causado pela coleira. 2190-Aki (F), com perto de oito meses de idade, foi resgatada pela Anima a 22 de outubro de 2019. Aki foi enviada para uma cl\u00ednica devido a feridas id\u00eanticas a Ali. Por favor, ajude-nos a ajud\u00e1-los! Se deseja ajudar, pode adotar ou acolher! Nunca&#8230;<\/p>\n","protected":false},"author":19,"featured_media":91131,"comment_status":"closed","ping_status":"open","sticky":false,"template":"","format":"standard","meta":{"_acf_changed":false,"footnotes":""},"categories":[295,271],"tags":[],"class_list":["post-91638","post","type-post","status-publish","format-standard","has-post-thumbnail","hentry","category-animais-resgatados","category-noticias"],"acf":[],"_links":{"self":[{"href":"https:\/\/www.animamacau.org\/pt-pt\/wp-json\/wp\/v2\/posts\/91638","targetHints":{"allow":["GET"]}}],"collection":[{"href":"https:\/\/www.animamacau.org\/pt-pt\/wp-json\/wp\/v2\/posts"}],"about":[{"href":"https:\/\/www.animamacau.org\/pt-pt\/wp-json\/wp\/v2\/types\/post"}],"author":[{"embeddable":true,"href":"https:\/\/www.animamacau.org\/pt-pt\/wp-json\/wp\/v2\/users\/19"}],"replies":[{"embeddable":true,"href":"https:\/\/www.animamacau.org\/pt-pt\/wp-json\/wp\/v2\/comments?post=91638"}],"version-history":[{"count":2,"href":"https:\/\/www.animamacau.org\/pt-pt\/wp-json\/wp\/v2\/posts\/91638\/revisions"}],"predecessor-version":[{"id":94196,"href":"https:\/\/www.animamacau.org\/pt-pt\/wp-json\/wp\/v2\/posts\/91638\/revisions\/94196"}],"wp:featuredmedia":[{"embeddable":true,"href":"https:\/\/www.animamacau.org\/pt-pt\/wp-json\/wp\/v2\/media\/91131"}],"wp:attachment":[{"href":"https:\/\/www.animamacau.org\/pt-pt\/wp-json\/wp\/v2\/media?parent=91638"}],"wp:term":[{"taxonomy":"category","embeddable":true,"href":"https:\/\/www.animamacau.org\/pt-pt\/wp-json\/wp\/v2\/categories?post=91638"},{"taxonomy":"post_tag","embeddable":true,"href":"https:\/\/www.animamacau.org\/pt-pt\/wp-json\/wp\/v2\/tags?post=91638"}],"curies":[{"name":"wp","href":"https:\/\/api.w.org\/{rel}","templated":true}]}}