{"id":91639,"date":"2019-10-22T23:39:39","date_gmt":"2019-10-22T23:39:39","guid":{"rendered":"http:\/\/www.animamacau.org\/regresso-a-familia-em-outubro-2189-ali-e-2190-aki\/"},"modified":"2019-12-09T10:50:38","modified_gmt":"2019-12-09T10:50:38","slug":"regresso-a-familia-em-outubro-2189-ali-e-2190-aki","status":"publish","type":"post","link":"https:\/\/www.animamacau.org\/pt-pt\/regresso-a-familia-em-outubro-2189-ali-e-2190-aki\/","title":{"rendered":"Anima-Regresso \u00e0 Fam\u00edlia em outubro (2189; 2190)!"},"content":{"rendered":"<p><span style=\"color: #000000\"><strong>&lt;22-10-2019&gt;<\/strong><\/span><\/p>\n<p><span style=\"color: #ff0000\">2189-Ali (F), com perto de oito meses de idade, foi resgatada pela Anima a 21 de outubro de 2019, ap\u00f3s uma chamada an\u00f3nima de algu\u00e9m dizendo que tinha dois c\u00e3es ao seu encargo desde que o seu antigo dono, que os adotou do Canil de Macau, os abandonou em frente do seu local de trabalho.<\/span><br \/>\n<span style=\"color: #ff0000\">Ambos passaram a vida presos com coleiras muito apertadas, desde pequenos, o que nunca permitiu resgat\u00e1-los. <\/span><br \/>\n<span style=\"color: #ff0000\">Pediram-nos ajuda!<\/span><br \/>\n<span style=\"color: #ff0000\">Fomos capazes de resgatar Ali, um dos c\u00e3es e a qual foi enviada imediatamente para uma cl\u00ednica devido a um corte profundo no pesco\u00e7o causado pela coleira.<\/span><br \/>\n<span style=\"color: #ff0000\">2190-Aki (F), com perto de oito meses de idade, foi resgatada pela Anima a 22 de outubro de 2019. <\/span><br \/>\n<span style=\"color: #ff0000\">Aki foi enviada para uma cl\u00ednica devido a feridas id\u00eanticas a Ali. <\/span><br \/>\n<span style=\"color: #0000ff\"><strong>Ambas, Ali e Aki regressaram para o seu respons\u00e1vel, hoje!<\/strong><\/span><\/p>\n<p><span style=\"color: #000000\"><em><strong>Por favor, ajude-nos a ajud\u00e1-los!<\/strong><\/em><\/span><br \/>\n<span style=\"color: #000000\"><em><strong>Se deseja ajudar, pode adotar ou acolher!<\/strong><\/em><\/span><br \/>\n<span style=\"color: #000000\"><em><strong>Nunca abandone os seus animais de estima\u00e7\u00e3o! Abandonar um animal de estima\u00e7\u00e3o devia ser crime!<\/strong><\/em><\/span><\/p>\n<p>&nbsp;<\/p>\n<p><em><span style=\"color: #ff0000\">Ajude-nos doando para:<\/span><\/em><br \/>\n<strong><span style=\"color: #ff0000\">ANIMA \u2013 Sociedade Protetora dos Animais de Macau<\/span><\/strong><br \/>\n<span style=\"color: #ff0000\">para as seguintes contas:<\/span><br \/>\n<span style=\"color: #ff0000\"><span style=\"color: #0000ff\"><strong>Banco Nacional Ultramarino<\/strong><\/span>, MOP conta n\u00famero 9003472840<\/span><br \/>\n<span style=\"color: #ff0000\"><strong><span style=\"color: #0000ff\">Banco da China<\/span><\/strong>, MOP conta n\u00famero 01-01-20-794318<\/span><br \/>\n<span style=\"color: #ff0000\"><strong><span style=\"color: #0000ff\">ICBC<\/span><\/strong>, MOP conta n\u00famero 0119100200000960934<\/span><br \/>\n<span style=\"color: #ff0000\">(ICBC jetco, favor de n\u00e3o inserir os tr\u00eas primeiros d\u00edgitos)<\/span><br \/>\n<span style=\"color: #ff0000\"><strong><span style=\"color: #0000ff\">Banco Tai Fung<\/span><\/strong>, MOP conta n\u00famero 201-1-10530-7<\/span><br \/>\n<span style=\"color: #ff0000\"><strong><span style=\"color: #0000ff\">Banco Tai Fung<\/span><\/strong>, HKD conta n\u00famero 101-1-12983-3<\/span><br \/>\n<span style=\"color: #ff0000\"><strong><span style=\"color: #0000ff\">Paypal<\/span><\/strong>, albano@animamacau.org<\/span><br \/>\n<em><span style=\"color: #ff0000\">e informe-nos da sua doa\u00e7\u00e3o para anima@macau.ctm.net ou info@animamacau.org<\/span><\/em><\/p>\n","protected":false},"excerpt":{"rendered":"<p>&lt;22-10-2019&gt; 2189-Ali (F), com perto de oito meses de idade, foi resgatada pela Anima a 21 de outubro de 2019, ap\u00f3s uma chamada an\u00f3nima de algu\u00e9m dizendo que tinha dois c\u00e3es ao seu encargo desde que o seu antigo dono, que os adotou do Canil de Macau, os abandonou em frente do seu local de trabalho. Ambos passaram a vida presos com coleiras muito apertadas, desde pequenos, o que nunca permitiu resgat\u00e1-los. Pediram-nos ajuda! Fomos capazes de resgatar Ali, um dos c\u00e3es e a qual foi enviada imediatamente para uma cl\u00ednica devido a um corte profundo no pesco\u00e7o causado pela coleira. 2190-Aki (F), com perto de oito meses de idade, foi resgatada pela Anima a 22 de outubro de 2019. Aki foi enviada para uma cl\u00ednica devido a feridas id\u00eanticas a Ali. Ambas, Ali e Aki regressaram para o seu respons\u00e1vel, hoje! Por favor, ajude-nos&#8230;<\/p>\n","protected":false},"author":19,"featured_media":91124,"comment_status":"closed","ping_status":"open","sticky":false,"template":"","format":"gallery","meta":{"_acf_changed":false,"footnotes":""},"categories":[297,271],"tags":[],"class_list":["post-91639","post","type-post","status-publish","format-gallery","has-post-thumbnail","hentry","category-devolvidos-familia","category-noticias","post_format-post-format-gallery"],"acf":[],"_links":{"self":[{"href":"https:\/\/www.animamacau.org\/pt-pt\/wp-json\/wp\/v2\/posts\/91639","targetHints":{"allow":["GET"]}}],"collection":[{"href":"https:\/\/www.animamacau.org\/pt-pt\/wp-json\/wp\/v2\/posts"}],"about":[{"href":"https:\/\/www.animamacau.org\/pt-pt\/wp-json\/wp\/v2\/types\/post"}],"author":[{"embeddable":true,"href":"https:\/\/www.animamacau.org\/pt-pt\/wp-json\/wp\/v2\/users\/19"}],"replies":[{"embeddable":true,"href":"https:\/\/www.animamacau.org\/pt-pt\/wp-json\/wp\/v2\/comments?post=91639"}],"version-history":[{"count":2,"href":"https:\/\/www.animamacau.org\/pt-pt\/wp-json\/wp\/v2\/posts\/91639\/revisions"}],"predecessor-version":[{"id":94195,"href":"https:\/\/www.animamacau.org\/pt-pt\/wp-json\/wp\/v2\/posts\/91639\/revisions\/94195"}],"wp:featuredmedia":[{"embeddable":true,"href":"https:\/\/www.animamacau.org\/pt-pt\/wp-json\/wp\/v2\/media\/91124"}],"wp:attachment":[{"href":"https:\/\/www.animamacau.org\/pt-pt\/wp-json\/wp\/v2\/media?parent=91639"}],"wp:term":[{"taxonomy":"category","embeddable":true,"href":"https:\/\/www.animamacau.org\/pt-pt\/wp-json\/wp\/v2\/categories?post=91639"},{"taxonomy":"post_tag","embeddable":true,"href":"https:\/\/www.animamacau.org\/pt-pt\/wp-json\/wp\/v2\/tags?post=91639"}],"curies":[{"name":"wp","href":"https:\/\/api.w.org\/{rel}","templated":true}]}}