{"id":96143,"date":"2020-03-24T16:21:28","date_gmt":"2020-03-24T16:21:28","guid":{"rendered":"http:\/\/www.animamacau.org\/anima-noticias-tristes-de-marco-309-amy\/"},"modified":"2020-03-29T16:23:59","modified_gmt":"2020-03-29T16:23:59","slug":"anima-noticias-tristes-de-marco-309-amy","status":"publish","type":"post","link":"https:\/\/www.animamacau.org\/pt-pt\/anima-noticias-tristes-de-marco-309-amy\/","title":{"rendered":"Anima\u2013Not\u00edcias tristes de mar\u00e7o (309-Amy)!"},"content":{"rendered":"<p><span style=\"color: #000000\"><strong>&lt;24-03-2020&gt;<\/strong><\/span><\/p>\n<p><span style=\"color: #ff0000\">309-Amy (F) foi resgatada pela Anima a 10 de novembro de 2011 e tem estado a viver connosco desde ent\u00e3o.<\/span><br \/>\n<span style=\"color: #ff0000\">A 8 de julho de 2019, 309-Amy foi enviada a uma cl\u00ednica veterin\u00e1ria um tratamento de tr\u00eas dias,uma vez que tem um historial cl\u00ednico de um sopro card\u00edaco, pancreatite, inflama\u00e7\u00e3o na parte do seu intestino, na ves\u00edcula biliar e icter\u00edcia.<\/span><br \/>\n<span style=\"color: #ff0000\">A 19 de fevereiro de 2020, voltou \u00e0 cl\u00ednica para consulta.<\/span><br \/>\n<span style=\"color: #ff0000\">Os resultados de um Raio-X revelaram que tamb\u00e9m tinha megaes\u00f3fago.<\/span><br \/>\n<span style=\"color: #ff0000\">309-Amy ficou hospitalizada por alguns dias e teve alta, regressando \u00e0 Anima a 23 de fevereiro de 2020.<\/span><br \/>\n<span style=\"color: #ff0000\">Amy faleceu hoje no nosso Abrigo dos C\u00e3es.<\/span><br \/>\n<span style=\"color: #0000ff\"><strong>Descansa em paz, minha amiga!<\/strong><\/span><\/p>\n<p><span style=\"color: #000000\"><em><strong>Por favor, ajude-nos a ajud\u00e1-los!<\/strong><\/em><\/span><br \/>\n<span style=\"color: #000000\"><em><strong>Nunca abandone o seu animal de estima\u00e7\u00e3o! Abandonar um animal de estima\u00e7\u00e3o \u00e9 abandonar um membro da fam\u00edlia!<\/strong><\/em><\/span><\/p>\n<p>&nbsp;<\/p>\n<p><em><span style=\"color: #ff0000\">Ajude-nos doando para: <\/span><\/em><br \/>\n<strong><span style=\"color: #ff0000\">ANIMA \u2013 Sociedade Protetora dos Animais de Macau<\/span><\/strong><br \/>\n<span style=\"color: #ff0000\">para as seguintes contas:<\/span><br \/>\n<span style=\"color: #ff0000\"><span style=\"color: #0000ff\"><strong>Banco Nacional Ultramarino<\/strong><\/span>, MOP conta n\u00famero 9003472840<\/span><br \/>\n<span style=\"color: #ff0000\"><span style=\"color: #0000ff\"><strong>Banco da China<\/strong><\/span>, MOP conta n\u00famero 01-01-20-794318<\/span><br \/>\n<span style=\"color: #ff0000\"><strong><span style=\"color: #0000ff\">ICBC<\/span><\/strong>, MOP conta n\u00famero 0119100200000960934<\/span><br \/>\n<span style=\"color: #ff0000\">(ICBC jetco, favor de n\u00e3o inserir os tr\u00eas primeiros d\u00edgitos)<\/span><br \/>\n<span style=\"color: #ff0000\"><strong><span style=\"color: #0000ff\">Banco Tai Fung<\/span><\/strong>, MOP conta n\u00famero 201-1-10530-7<\/span><br \/>\n<span style=\"color: #ff0000\"><strong><span style=\"color: #0000ff\">Banco Tai Fung<\/span><\/strong>, HKD conta n\u00famero 101-1-12983-3<\/span><br \/>\n<span style=\"color: #ff0000\"><strong><span style=\"color: #0000ff\">Paypal<\/span><\/strong>, albano@animamacau.org<\/span><br \/>\n<em><span style=\"color: #ff0000\">e informe-nos da sua doa\u00e7\u00e3o para anima@macau.ctm.net ou info@animamacau.org<\/span><\/em><\/p>\n","protected":false},"excerpt":{"rendered":"<p>&lt;24-03-2020&gt; 309-Amy (F) foi resgatada pela Anima a 10 de novembro de 2011 e tem estado a viver connosco desde ent\u00e3o. A 8 de julho de 2019, 309-Amy foi enviada a uma cl\u00ednica veterin\u00e1ria um tratamento de tr\u00eas dias,uma vez que tem um historial cl\u00ednico de um sopro card\u00edaco, pancreatite, inflama\u00e7\u00e3o na parte do seu intestino, na ves\u00edcula biliar e icter\u00edcia. A 19 de fevereiro de 2020, voltou \u00e0 cl\u00ednica para consulta. Os resultados de um Raio-X revelaram que tamb\u00e9m tinha megaes\u00f3fago. 309-Amy ficou hospitalizada por alguns dias e teve alta, regressando \u00e0 Anima a 23 de fevereiro de 2020. Amy faleceu hoje no nosso Abrigo dos C\u00e3es. Descansa em paz, minha amiga! Por favor, ajude-nos a ajud\u00e1-los! Nunca abandone o seu animal de estima\u00e7\u00e3o! Abandonar um animal de estima\u00e7\u00e3o \u00e9 abandonar um membro da fam\u00edlia! &nbsp; Ajude-nos doando para: ANIMA \u2013 Sociedade Protetora dos&#8230;<\/p>\n","protected":false},"author":11,"featured_media":96073,"comment_status":"closed","ping_status":"open","sticky":false,"template":"","format":"standard","meta":{"_acf_changed":false,"footnotes":""},"categories":[280],"tags":[],"class_list":["post-96143","post","type-post","status-publish","format-standard","has-post-thumbnail","hentry","category-falecidos"],"acf":[],"_links":{"self":[{"href":"https:\/\/www.animamacau.org\/pt-pt\/wp-json\/wp\/v2\/posts\/96143","targetHints":{"allow":["GET"]}}],"collection":[{"href":"https:\/\/www.animamacau.org\/pt-pt\/wp-json\/wp\/v2\/posts"}],"about":[{"href":"https:\/\/www.animamacau.org\/pt-pt\/wp-json\/wp\/v2\/types\/post"}],"author":[{"embeddable":true,"href":"https:\/\/www.animamacau.org\/pt-pt\/wp-json\/wp\/v2\/users\/11"}],"replies":[{"embeddable":true,"href":"https:\/\/www.animamacau.org\/pt-pt\/wp-json\/wp\/v2\/comments?post=96143"}],"version-history":[{"count":1,"href":"https:\/\/www.animamacau.org\/pt-pt\/wp-json\/wp\/v2\/posts\/96143\/revisions"}],"predecessor-version":[{"id":96144,"href":"https:\/\/www.animamacau.org\/pt-pt\/wp-json\/wp\/v2\/posts\/96143\/revisions\/96144"}],"wp:featuredmedia":[{"embeddable":true,"href":"https:\/\/www.animamacau.org\/pt-pt\/wp-json\/wp\/v2\/media\/96073"}],"wp:attachment":[{"href":"https:\/\/www.animamacau.org\/pt-pt\/wp-json\/wp\/v2\/media?parent=96143"}],"wp:term":[{"taxonomy":"category","embeddable":true,"href":"https:\/\/www.animamacau.org\/pt-pt\/wp-json\/wp\/v2\/categories?post=96143"},{"taxonomy":"post_tag","embeddable":true,"href":"https:\/\/www.animamacau.org\/pt-pt\/wp-json\/wp\/v2\/tags?post=96143"}],"curies":[{"name":"wp","href":"https:\/\/api.w.org\/{rel}","templated":true}]}}