{"id":96471,"date":"2020-04-12T12:54:57","date_gmt":"2020-04-12T12:54:57","guid":{"rendered":"http:\/\/www.animamacau.org\/anima-noticias-tristes-de-abril-c1565-gretel\/"},"modified":"2020-04-13T13:04:11","modified_gmt":"2020-04-13T13:04:11","slug":"anima-noticias-tristes-de-abril-c1565-gretel","status":"publish","type":"post","link":"https:\/\/www.animamacau.org\/pt-pt\/anima-noticias-tristes-de-abril-c1565-gretel\/","title":{"rendered":"Anima\u2013Not\u00edcias tristes de abril (C1565-Gretel)!"},"content":{"rendered":"<p><strong>&lt;12-04-2020&gt;<\/strong><\/p>\n<p><span style=\"color: #ff0000\">C1565-Gretel (F), com cerca de um ano de idade na altura, foi resgatada pela Anima a 30 de maio de 2017, ap\u00f3s uma chamada do Sr. Oscar, da Anihelp, informando que eles resgataram uma gata na \u00e1rea de Nam Van e esta n\u00e3o conseguia mover-se.<\/span><br \/>\n<span style=\"color: #ff0000\">Foi enviada para uma cl\u00ednica para consulta e radiografias.<\/span><br \/>\n<span style=\"color: #ff0000\">Os resultados mostraram que sua p\u00e9lvis estava fraturada, mas nenhuma cirurgia foi necess\u00e1ria, pois ela poderia recuperar sozinha.<\/span><br \/>\n<span style=\"color: #ff0000\">Recentemente, C1565-Gretel recusava-se a comer e vomitava.<\/span><br \/>\n<span style=\"color: #ff0000\">Foi enviada para uma cl\u00ednica.<\/span><br \/>\n<span style=\"color: #ff0000\">Segundo o veterin\u00e1rio, Gretel tem uma acidemia e hipoglicemia graves.<\/span><br \/>\n<span style=\"color: #ff0000\">Sua condi\u00e7\u00e3o estava a piorar e ela entrou em sofrimento.<\/span><br \/>\n<span style=\"color: #ff0000\">Ap\u00f3s discuss\u00e3o com o veterin\u00e1rio e aprovada por dois dos nossos membros do conselho, tom\u00e1mos a triste decis\u00e3o de a eutanasiar.<\/span><br \/>\n<span style=\"color: #ff0000\">A \u00faltima decis\u00e3o pertence sempre ao Presidente da Anima, e n\u00e3o \u00e9 uma decis\u00e3o f\u00e1cil!<\/span><br \/>\n<span style=\"color: #0000ff\"><strong>Descansa em paz, minha amiga!<\/strong><\/span><\/p>\n<p><span style=\"color: #000000\"><em><strong>Por favor, ajude-nos a ajud\u00e1-los!<\/strong><\/em><\/span><br \/>\n<span style=\"color: #000000\"><em><strong>Nunca abandone o seu animal de estima\u00e7\u00e3o! Abandonar um animal de estima\u00e7\u00e3o \u00e9 abandonar um membro da fam\u00edlia!<\/strong><\/em><\/span><\/p>\n<p>&nbsp;<\/p>\n<p><span style=\"color: #ff0000\"><em>Ajude-nos doando para:<\/em> <\/span><br \/>\n<span style=\"color: #ff0000\"><strong>ANIMA \u2013 Sociedade Protetora dos Animais de Macau<\/strong><\/span><br \/>\n<span style=\"color: #ff0000\">para as seguintes contas:<\/span><br \/>\n<span style=\"color: #ff0000\"><strong><span style=\"color: #0000ff\">Banco Nacional Ultramarino<\/span><\/strong>, MOP conta n\u00famero 9003472840<\/span><br \/>\n<span style=\"color: #ff0000\"><strong><span style=\"color: #0000ff\">Banco da China<\/span><\/strong>, MOP conta n\u00famero 01-01-20-794318<\/span><br \/>\n<span style=\"color: #ff0000\"><strong><span style=\"color: #0000ff\">ICBC<\/span><\/strong>, MOP conta n\u00famero 0119100200000960934<\/span><br \/>\n<span style=\"color: #ff0000\">(ICBC jetco, favor de n\u00e3o inserir os tr\u00eas primeiros d\u00edgitos)<\/span><br \/>\n<span style=\"color: #ff0000\"><strong><span style=\"color: #0000ff\">Banco Tai Fung<\/span><\/strong>, MOP conta n\u00famero 201-1-10530-7<\/span><br \/>\n<span style=\"color: #ff0000\"><strong><span style=\"color: #0000ff\">Banco Tai Fung<\/span><\/strong>, HKD conta n\u00famero 101-1-12983-3<\/span><br \/>\n<span style=\"color: #ff0000\"><span style=\"color: #0000ff\"><strong>PayPal<\/strong><\/span>, albano@animamacau.org<\/span><br \/>\n<em><span style=\"color: #ff0000\">e informe-nos da sua doa\u00e7\u00e3o para anima@macau.ctm.net ou info@animamacau.org<\/span><\/em><\/p>\n","protected":false},"excerpt":{"rendered":"<p>&lt;12-04-2020&gt; C1565-Gretel (F), com cerca de um ano de idade na altura, foi resgatada pela Anima a 30 de maio de 2017, ap\u00f3s uma chamada do Sr. Oscar, da Anihelp, informando que eles resgataram uma gata na \u00e1rea de Nam Van e esta n\u00e3o conseguia mover-se. Foi enviada para uma cl\u00ednica para consulta e radiografias. Os resultados mostraram que sua p\u00e9lvis estava fraturada, mas nenhuma cirurgia foi necess\u00e1ria, pois ela poderia recuperar sozinha. Recentemente, C1565-Gretel recusava-se a comer e vomitava. Foi enviada para uma cl\u00ednica. Segundo o veterin\u00e1rio, Gretel tem uma acidemia e hipoglicemia graves. Sua condi\u00e7\u00e3o estava a piorar e ela entrou em sofrimento. Ap\u00f3s discuss\u00e3o com o veterin\u00e1rio e aprovada por dois dos nossos membros do conselho, tom\u00e1mos a triste decis\u00e3o de a eutanasiar. A \u00faltima decis\u00e3o pertence sempre ao Presidente da Anima, e n\u00e3o \u00e9 uma decis\u00e3o f\u00e1cil! Descansa em paz, minha&#8230;<\/p>\n","protected":false},"author":1,"featured_media":96469,"comment_status":"closed","ping_status":"open","sticky":false,"template":"","format":"standard","meta":{"_acf_changed":false,"footnotes":""},"categories":[280,271],"tags":[],"class_list":["post-96471","post","type-post","status-publish","format-standard","has-post-thumbnail","hentry","category-falecidos","category-noticias"],"acf":[],"_links":{"self":[{"href":"https:\/\/www.animamacau.org\/pt-pt\/wp-json\/wp\/v2\/posts\/96471","targetHints":{"allow":["GET"]}}],"collection":[{"href":"https:\/\/www.animamacau.org\/pt-pt\/wp-json\/wp\/v2\/posts"}],"about":[{"href":"https:\/\/www.animamacau.org\/pt-pt\/wp-json\/wp\/v2\/types\/post"}],"author":[{"embeddable":true,"href":"https:\/\/www.animamacau.org\/pt-pt\/wp-json\/wp\/v2\/users\/1"}],"replies":[{"embeddable":true,"href":"https:\/\/www.animamacau.org\/pt-pt\/wp-json\/wp\/v2\/comments?post=96471"}],"version-history":[{"count":2,"href":"https:\/\/www.animamacau.org\/pt-pt\/wp-json\/wp\/v2\/posts\/96471\/revisions"}],"predecessor-version":[{"id":96475,"href":"https:\/\/www.animamacau.org\/pt-pt\/wp-json\/wp\/v2\/posts\/96471\/revisions\/96475"}],"wp:featuredmedia":[{"embeddable":true,"href":"https:\/\/www.animamacau.org\/pt-pt\/wp-json\/wp\/v2\/media\/96469"}],"wp:attachment":[{"href":"https:\/\/www.animamacau.org\/pt-pt\/wp-json\/wp\/v2\/media?parent=96471"}],"wp:term":[{"taxonomy":"category","embeddable":true,"href":"https:\/\/www.animamacau.org\/pt-pt\/wp-json\/wp\/v2\/categories?post=96471"},{"taxonomy":"post_tag","embeddable":true,"href":"https:\/\/www.animamacau.org\/pt-pt\/wp-json\/wp\/v2\/tags?post=96471"}],"curies":[{"name":"wp","href":"https:\/\/api.w.org\/{rel}","templated":true}]}}