{"id":97222,"date":"2020-05-14T11:26:17","date_gmt":"2020-05-14T11:26:17","guid":{"rendered":"http:\/\/www.animamacau.org\/anima-resgate-e-regresso-de-maio-2272-momo\/"},"modified":"2020-05-14T11:43:45","modified_gmt":"2020-05-14T11:43:45","slug":"anima-resgate-e-regresso-de-maio-2272-momo","status":"publish","type":"post","link":"https:\/\/www.animamacau.org\/pt-pt\/anima-resgate-e-regresso-de-maio-2272-momo\/","title":{"rendered":"Anima\u2013Resgate e regresso de maio (2272-Momo)!"},"content":{"rendered":"<p><strong>&lt;13-05-2020&gt;<\/strong><\/p>\n<p><span style=\"color: #ff0000\">2272-Momo (M), com cerca de oito anos de idade, foi resgatado pela Anima a 13 de maio de 2020, ap\u00f3s uma chamada da Sra. Mira dizendo que fazia caminhadas num dos trilhos da Aldeia Cultural de A-Ma e viu um samoiedo a vaguear sozinho (com coleira) que a seguiu de volta para casa no Edf. One Oasis.<\/span><br \/>\n<span style=\"color: #ff0000\">Momo esperou na sua cozinha, mas ela n\u00e3o podia mant\u00ea-lo consigo por muito tempo pois j\u00e1 tinha dois gatos.<\/span><br \/>\n<span style=\"color: #ff0000\">Nossa equipa de resgate verificou o seu n\u00famero de microchip, contatou o Canil de Macau para encontrar o propriet\u00e1rio e a situa\u00e7\u00e3o foi reportada no Facebook.<\/span><br \/>\n<span style=\"color: #ff0000\">Sua respons\u00e1vel, Sra. Chui, entrou em contato conosco e mencionou que a sua ajudante passeia com os seus dois c\u00e3es todos os dias nesse trilho, mas Momo estava cansado desta vez e ficou \u00e0 espera que voltassem para regressar a casa.<\/span><br \/>\n<span style=\"color: #ff0000\">Foi avisado que Momo deveria passear com trela a partir de agora.<\/span><br \/>\n<span style=\"color: #ff0000\">2272-Momo voltou hoje para a sua fam\u00edlia no Edf. One Oasis!<\/span><br \/>\n<span style=\"color: #0000ff\"><strong>Obrigada, Sra. Mira!<\/strong><\/span><\/p>\n<p><span style=\"color: #000000\"><em><strong>Por favor, ajude-nos a ajud\u00e1-los!<\/strong><\/em><\/span><br \/>\n<span style=\"color: #000000\"><em><strong>Se deseja ajudar, ajude-nos adotando ou acolhendo!<\/strong><\/em><\/span><br \/>\n<span style=\"color: #000000\"><em><strong>Nunca abandone o seu animal de estima\u00e7\u00e3o! Abandonar o seu animal de estima\u00e7\u00e3o deve ser crime!<\/strong><\/em><\/span><\/p>\n<p>&nbsp;<\/p>\n<p><span style=\"color: #ff0000\"><em>Ajude-nos, por favor, doando para:<\/em> <\/span><br \/>\n<strong><span style=\"color: #ff0000\">ANIMA \u2013 Sociedade Protetora dos Animais de Macau<\/span><\/strong><br \/>\n<span style=\"color: #ff0000\">para as seguintes contas:<\/span><br \/>\n<span style=\"color: #ff0000\"><strong><span style=\"color: #0000ff\">Banco Nacional Ultramarino<\/span><\/strong>, MOP conta n\u00famero 9003472840<\/span><br \/>\n<span style=\"color: #ff0000\"><strong><span style=\"color: #0000ff\">Banco da China<\/span><\/strong>, MOP conta n\u00famero 01-01-20-794318<\/span><br \/>\n<span style=\"color: #ff0000\"><strong><span style=\"color: #0000ff\">ICBC<\/span><\/strong>, MOP conta n\u00famero 0119100200000960934<\/span><br \/>\n<span style=\"color: #ff0000\">(ICBC jetco, favor de n\u00e3o inserir os tr\u00eas primeiros d\u00edgitos)<\/span><br \/>\n<span style=\"color: #ff0000\"><strong><span style=\"color: #0000ff\">Banco Tai Fung<\/span><\/strong>, MOP conta n\u00famero 201-1-10530-7<\/span><br \/>\n<span style=\"color: #ff0000\"><strong><span style=\"color: #0000ff\">Banco Tai Fung<\/span><\/strong>, HKD conta n\u00famero 101-1-12983-3<\/span><br \/>\n<span style=\"color: #ff0000\"><strong><span style=\"color: #0000ff\">PayPal<\/span><\/strong>, albano@animamacau.org<\/span><br \/>\n<em><span style=\"color: #ff0000\">e informe-nos do seu donativo para anima@macau.ctm.net ou info@animamacau.org<\/span><\/em><\/p>\n","protected":false},"excerpt":{"rendered":"<p>&lt;13-05-2020&gt; 2272-Momo (M), com cerca de oito anos de idade, foi resgatado pela Anima a 13 de maio de 2020, ap\u00f3s uma chamada da Sra. Mira dizendo que fazia caminhadas num dos trilhos da Aldeia Cultural de A-Ma e viu um samoiedo a vaguear sozinho (com coleira) que a seguiu de volta para casa no Edf. One Oasis. Momo esperou na sua cozinha, mas ela n\u00e3o podia mant\u00ea-lo consigo por muito tempo pois j\u00e1 tinha dois gatos. Nossa equipa de resgate verificou o seu n\u00famero de microchip, contatou o Canil de Macau para encontrar o propriet\u00e1rio e a situa\u00e7\u00e3o foi reportada no Facebook. Sua respons\u00e1vel, Sra. Chui, entrou em contato conosco e mencionou que a sua ajudante passeia com os seus dois c\u00e3es todos os dias nesse trilho, mas Momo estava cansado desta vez e ficou \u00e0 espera que voltassem para regressar a casa. Foi&#8230;<\/p>\n","protected":false},"author":1,"featured_media":97218,"comment_status":"closed","ping_status":"open","sticky":false,"template":"","format":"standard","meta":{"_acf_changed":false,"footnotes":""},"categories":[296,295,271],"tags":[],"class_list":["post-97222","post","type-post","status-publish","format-standard","has-post-thumbnail","hentry","category-animais-devolvidos","category-animais-resgatados","category-noticias"],"acf":[],"_links":{"self":[{"href":"https:\/\/www.animamacau.org\/pt-pt\/wp-json\/wp\/v2\/posts\/97222","targetHints":{"allow":["GET"]}}],"collection":[{"href":"https:\/\/www.animamacau.org\/pt-pt\/wp-json\/wp\/v2\/posts"}],"about":[{"href":"https:\/\/www.animamacau.org\/pt-pt\/wp-json\/wp\/v2\/types\/post"}],"author":[{"embeddable":true,"href":"https:\/\/www.animamacau.org\/pt-pt\/wp-json\/wp\/v2\/users\/1"}],"replies":[{"embeddable":true,"href":"https:\/\/www.animamacau.org\/pt-pt\/wp-json\/wp\/v2\/comments?post=97222"}],"version-history":[{"count":2,"href":"https:\/\/www.animamacau.org\/pt-pt\/wp-json\/wp\/v2\/posts\/97222\/revisions"}],"predecessor-version":[{"id":97228,"href":"https:\/\/www.animamacau.org\/pt-pt\/wp-json\/wp\/v2\/posts\/97222\/revisions\/97228"}],"wp:featuredmedia":[{"embeddable":true,"href":"https:\/\/www.animamacau.org\/pt-pt\/wp-json\/wp\/v2\/media\/97218"}],"wp:attachment":[{"href":"https:\/\/www.animamacau.org\/pt-pt\/wp-json\/wp\/v2\/media?parent=97222"}],"wp:term":[{"taxonomy":"category","embeddable":true,"href":"https:\/\/www.animamacau.org\/pt-pt\/wp-json\/wp\/v2\/categories?post=97222"},{"taxonomy":"post_tag","embeddable":true,"href":"https:\/\/www.animamacau.org\/pt-pt\/wp-json\/wp\/v2\/tags?post=97222"}],"curies":[{"name":"wp","href":"https:\/\/api.w.org\/{rel}","templated":true}]}}