{"id":97883,"date":"2020-06-12T23:08:59","date_gmt":"2020-06-12T23:08:59","guid":{"rendered":"https:\/\/www.animamacau.org\/anima-acolhimento-de-maio-2251-jose\/"},"modified":"2020-06-12T23:36:14","modified_gmt":"2020-06-12T23:36:14","slug":"anima-acolhimento-de-maio-2251-jose","status":"publish","type":"post","link":"https:\/\/www.animamacau.org\/pt-pt\/anima-acolhimento-de-maio-2251-jose\/","title":{"rendered":"Anima\u2013Acolhimento de maio (2251-Jose)!"},"content":{"rendered":"<p><strong>&lt;09-06-2020&gt;<\/strong><\/p>\n<p><span style=\"color: #0000ff\"><em><strong>Jose foi acolhido pela Sra. Ian, hoje!<\/strong><\/em><\/span><br \/>\n<span style=\"color: #ff0000\">2251-Jose (M), com cerca de dois meses de idade na altura, foi resgatado pela Anima a 24 de mar\u00e7o de 2020, ap\u00f3s a nossa equipa de resgate o encontrar durante suas rotinas di\u00e1rias de alimenta\u00e7\u00e3o na \u00e1rea de Hac Sa.<\/span><br \/>\n<span style=\"color: #ff0000\"> Sr. Edgar, um trabalhador do restaurante Miramar, relatou que um filhote foi encontrado na montanha.<\/span><br \/>\n<span style=\"color: #ff0000\">Segundo Sr. Edgar, havia uma cadela (m\u00e3e) com dois filhotes na montanha, mas s\u00f3 conseguiu apanhar 2251-Jose.<\/span><br \/>\n<span style=\"color: #ff0000\">O filhote foi observado clinicamente no ANIMA e bem-vindo ao nosso Abrigo para C\u00e3es.<\/span><br \/>\n<span style=\"color: #ff0000\">Jose foi acolhido hoje pela Sra. Ian!<\/span><br \/>\n<strong><span style=\"color: #0000ff\">Obrigada, Sra. Ian!<\/span><\/strong><\/p>\n<p><em><strong><span style=\"color: #000000\">Por favor, ajude-nos a ajud\u00e1-los!<\/span><\/strong><\/em><br \/>\n<em><strong><span style=\"color: #000000\">Se deseja ajudar, pode adotar ou acolher!<\/span><\/strong><\/em><br \/>\n<em><strong><span style=\"color: #000000\">Nunca abandone os seus animais de estima\u00e7\u00e3o! Abandonar um animal de estima\u00e7\u00e3o devia ser crime!<\/span><\/strong><\/em><\/p>\n<p>&nbsp;<\/p>\n<p><span style=\"color: #ff0000\"><em>Por favor, ajude-nos doando para:<\/em> <\/span><br \/>\n<span style=\"color: #ff0000\"><strong>ANIMA \u2013 Sociedade Protetora dos Animais de Macau<\/strong><\/span><br \/>\n<span style=\"color: #ff0000\">para as seguintes contas:<\/span><br \/>\n<span style=\"color: #ff0000\"><span style=\"color: #0000ff\"><strong>Banco Nacional Ultramarino<\/strong><\/span>, MOP conta n\u00famero 9003472840<\/span><br \/>\n<span style=\"color: #ff0000\"><strong><span style=\"color: #0000ff\">Banco da China<\/span><\/strong>, MOP conta n\u00famero 01-01-20-794318<\/span><br \/>\n<span style=\"color: #ff0000\"><strong><span style=\"color: #0000ff\">ICBC<\/span><\/strong>, MOP conta n\u00famero 0119100200000960934<\/span><br \/>\n<span style=\"color: #ff0000\">(ICBC jetco, favor de n\u00e3o inserir os tr\u00eas primeiros d\u00edgitos)<\/span><br \/>\n<span style=\"color: #ff0000\"><strong><span style=\"color: #0000ff\">Banco Tai Fung<\/span><\/strong>, MOP conta n\u00famero 201-1-10530-7<\/span><br \/>\n<span style=\"color: #ff0000\"><strong><span style=\"color: #0000ff\">Banco Tai Fung<\/span><\/strong>, HKD conta n\u00famero 101-1-12983-3<\/span><br \/>\n<span style=\"color: #ff0000\"><strong><span style=\"color: #0000ff\">PayPal<\/span><\/strong>, albano@animamacau.org<\/span><br \/>\n<span style=\"color: #ff0000\"><em>e informe-nos da sua doa\u00e7\u00e3o para anima@macau.ctm.net ou info@animamacau.org<\/em><\/span><\/p>\n","protected":false},"excerpt":{"rendered":"<p>&lt;09-06-2020&gt; Jose foi acolhido pela Sra. Ian, hoje! 2251-Jose (M), com cerca de dois meses de idade na altura, foi resgatado pela Anima a 24 de mar\u00e7o de 2020, ap\u00f3s a nossa equipa de resgate o encontrar durante suas rotinas di\u00e1rias de alimenta\u00e7\u00e3o na \u00e1rea de Hac Sa. Sr. Edgar, um trabalhador do restaurante Miramar, relatou que um filhote foi encontrado na montanha. Segundo Sr. Edgar, havia uma cadela (m\u00e3e) com dois filhotes na montanha, mas s\u00f3 conseguiu apanhar 2251-Jose. O filhote foi observado clinicamente no ANIMA e bem-vindo ao nosso Abrigo para C\u00e3es. Jose foi acolhido hoje pela Sra. Ian! Obrigada, Sra. Ian! Por favor, ajude-nos a ajud\u00e1-los! Se deseja ajudar, pode adotar ou acolher! Nunca abandone os seus animais de estima\u00e7\u00e3o! Abandonar um animal de estima\u00e7\u00e3o devia ser crime! &nbsp; Por favor, ajude-nos doando para: ANIMA \u2013 Sociedade Protetora dos Animais de Macau&#8230;<\/p>\n","protected":false},"author":1,"featured_media":97881,"comment_status":"closed","ping_status":"open","sticky":false,"template":"","format":"standard","meta":{"_acf_changed":false,"footnotes":""},"categories":[282,271],"tags":[],"class_list":["post-97883","post","type-post","status-publish","format-standard","has-post-thumbnail","hentry","category-familia-acolhimento","category-noticias"],"acf":[],"_links":{"self":[{"href":"https:\/\/www.animamacau.org\/pt-pt\/wp-json\/wp\/v2\/posts\/97883","targetHints":{"allow":["GET"]}}],"collection":[{"href":"https:\/\/www.animamacau.org\/pt-pt\/wp-json\/wp\/v2\/posts"}],"about":[{"href":"https:\/\/www.animamacau.org\/pt-pt\/wp-json\/wp\/v2\/types\/post"}],"author":[{"embeddable":true,"href":"https:\/\/www.animamacau.org\/pt-pt\/wp-json\/wp\/v2\/users\/1"}],"replies":[{"embeddable":true,"href":"https:\/\/www.animamacau.org\/pt-pt\/wp-json\/wp\/v2\/comments?post=97883"}],"version-history":[{"count":1,"href":"https:\/\/www.animamacau.org\/pt-pt\/wp-json\/wp\/v2\/posts\/97883\/revisions"}],"predecessor-version":[{"id":97884,"href":"https:\/\/www.animamacau.org\/pt-pt\/wp-json\/wp\/v2\/posts\/97883\/revisions\/97884"}],"wp:featuredmedia":[{"embeddable":true,"href":"https:\/\/www.animamacau.org\/pt-pt\/wp-json\/wp\/v2\/media\/97881"}],"wp:attachment":[{"href":"https:\/\/www.animamacau.org\/pt-pt\/wp-json\/wp\/v2\/media?parent=97883"}],"wp:term":[{"taxonomy":"category","embeddable":true,"href":"https:\/\/www.animamacau.org\/pt-pt\/wp-json\/wp\/v2\/categories?post=97883"},{"taxonomy":"post_tag","embeddable":true,"href":"https:\/\/www.animamacau.org\/pt-pt\/wp-json\/wp\/v2\/tags?post=97883"}],"curies":[{"name":"wp","href":"https:\/\/api.w.org\/{rel}","templated":true}]}}