{"id":97953,"date":"2020-06-13T22:13:38","date_gmt":"2020-06-13T22:13:38","guid":{"rendered":"https:\/\/www.animamacau.org\/anima-noticias-tristes-de-junho-c2358-chichi\/"},"modified":"2020-06-14T08:54:37","modified_gmt":"2020-06-14T08:54:37","slug":"anima-noticias-tristes-de-junho-c2358-chichi","status":"publish","type":"post","link":"https:\/\/www.animamacau.org\/pt-pt\/anima-noticias-tristes-de-junho-c2358-chichi\/","title":{"rendered":"Anima\u2013Not\u00edcias Tristes de junho (C2358-ChiChi)!"},"content":{"rendered":"<p><strong>&lt;13-06-2020&gt; <\/strong><\/p>\n<p><span style=\"color: #ff0000\">C2358-ChiChi (M), com cerca de tr\u00eas semanas de idade, foi resgatado pela Anima a 12 de junho de 2020, ap\u00f3s uma chamada do Sr. Fu relatando que encontrou um gatinho que caiu e estava deitado num canto no ch\u00e3o, im\u00f3vel.<\/span><br \/>\n<span style=\"color: #ff0000\">Pediu-nos ajuda.<\/span><br \/>\n<span style=\"color: #ff0000\">Quando a nossa equipa de resgate chegou, o gatinho estava a respirar e soltou um pequeno gemido.<\/span><br \/>\n<span style=\"color: #ff0000\">C2358-ChiChi foi enviado para uma cl\u00ednica.<\/span><br \/>\n<span style=\"color: #ff0000\">Foram realizadas consulta e radiografias, sendo constatada uma fratura no corpo.<\/span><br \/>\n<span style=\"color: #ff0000\"> Segundo o veterin\u00e1rio, as patas traseiras e a cauda parecem incapazes de se mover e pode ser um problema cerebral.<\/span><br \/>\n<span style=\"color: #ff0000\">C2358-ChiChi regressou \u00e0 Anima e foi acolhido temporariamente pela Sra. Zoe, para ser alimentado e supervisionado.<\/span><br \/>\n<span style=\"color: #ff0000\">Infelizmente, C2358-ChiChi faleceu hoje na Anima devido a complica\u00e7\u00f5es neurol\u00f3gicas.<\/span><br \/>\n<span style=\"color: #0000ff\"><strong>Descansa em paz, meu amigo!<\/strong><\/span><\/p>\n<p><span style=\"color: #000000\"><strong><em>Nunca abandone o seu animal de estima\u00e7\u00e3o! Abandonar um animal de estima\u00e7\u00e3o devia ser crime!<\/em><\/strong><\/span><\/p>\n<p>&nbsp;<\/p>\n<p><span style=\"color: #ff0000\"><em>Por favor, ajude-nos doando para:<\/em> <\/span><br \/>\n<strong><span style=\"color: #ff0000\">ANIMA \u2013 Sociedade Protetora dos Animais de Macau<\/span><\/strong><br \/>\n<span style=\"color: #ff0000\">para as seguintes contas:<\/span><br \/>\n<span style=\"color: #ff0000\"><span style=\"color: #0000ff\"><strong>Banco Nacional Ultramarino<\/strong><\/span>, MOP conta n\u00famero 9003472840<\/span><br \/>\n<span style=\"color: #ff0000\"><strong><span style=\"color: #0000ff\">Banco da China<\/span><\/strong>, MOP conta n\u00famero 01-01-20-794318<\/span><br \/>\n<span style=\"color: #ff0000\"><strong><span style=\"color: #0000ff\">ICBC<\/span><\/strong>, MOP conta n\u00famero 0119100200000960934<\/span><br \/>\n<span style=\"color: #ff0000\">(ICBC jetco, favor de n\u00e3o inserir os tr\u00eas primeiros d\u00edgitos)<\/span><br \/>\n<span style=\"color: #ff0000\"><strong><span style=\"color: #0000ff\">Banco Tai Fung<\/span><\/strong>, MOP conta n\u00famero 201-1-10530-7<\/span><br \/>\n<span style=\"color: #ff0000\"><strong><span style=\"color: #0000ff\">Banco Tai Fung<\/span><\/strong>, HKD conta n\u00famero 101-1-12983-3<\/span><br \/>\n<span style=\"color: #ff0000\"><strong><span style=\"color: #0000ff\">PayPal<\/span><\/strong>, albano@animamacau.org<\/span><br \/>\n<em><span style=\"color: #ff0000\">e informe-nos da sua doa\u00e7\u00e3o para anima@macau.ctm.net ou info@animamacau.org<\/span><\/em><\/p>\n","protected":false},"excerpt":{"rendered":"<p>&lt;13-06-2020&gt; C2358-ChiChi (M), com cerca de tr\u00eas semanas de idade, foi resgatado pela Anima a 12 de junho de 2020, ap\u00f3s uma chamada do Sr. Fu relatando que encontrou um gatinho que caiu e estava deitado num canto no ch\u00e3o, im\u00f3vel. Pediu-nos ajuda. Quando a nossa equipa de resgate chegou, o gatinho estava a respirar e soltou um pequeno gemido. C2358-ChiChi foi enviado para uma cl\u00ednica. Foram realizadas consulta e radiografias, sendo constatada uma fratura no corpo. Segundo o veterin\u00e1rio, as patas traseiras e a cauda parecem incapazes de se mover e pode ser um problema cerebral. C2358-ChiChi regressou \u00e0 Anima e foi acolhido temporariamente pela Sra. Zoe, para ser alimentado e supervisionado. Infelizmente, C2358-ChiChi faleceu hoje na Anima devido a complica\u00e7\u00f5es neurol\u00f3gicas. Descansa em paz, meu amigo! Nunca abandone o seu animal de estima\u00e7\u00e3o! Abandonar um animal de estima\u00e7\u00e3o devia ser crime! &nbsp; Por&#8230;<\/p>\n","protected":false},"author":1,"featured_media":97948,"comment_status":"closed","ping_status":"open","sticky":false,"template":"","format":"standard","meta":{"_acf_changed":false,"footnotes":""},"categories":[280,271],"tags":[],"class_list":["post-97953","post","type-post","status-publish","format-standard","has-post-thumbnail","hentry","category-falecidos","category-noticias"],"acf":[],"_links":{"self":[{"href":"https:\/\/www.animamacau.org\/pt-pt\/wp-json\/wp\/v2\/posts\/97953","targetHints":{"allow":["GET"]}}],"collection":[{"href":"https:\/\/www.animamacau.org\/pt-pt\/wp-json\/wp\/v2\/posts"}],"about":[{"href":"https:\/\/www.animamacau.org\/pt-pt\/wp-json\/wp\/v2\/types\/post"}],"author":[{"embeddable":true,"href":"https:\/\/www.animamacau.org\/pt-pt\/wp-json\/wp\/v2\/users\/1"}],"replies":[{"embeddable":true,"href":"https:\/\/www.animamacau.org\/pt-pt\/wp-json\/wp\/v2\/comments?post=97953"}],"version-history":[{"count":1,"href":"https:\/\/www.animamacau.org\/pt-pt\/wp-json\/wp\/v2\/posts\/97953\/revisions"}],"predecessor-version":[{"id":97965,"href":"https:\/\/www.animamacau.org\/pt-pt\/wp-json\/wp\/v2\/posts\/97953\/revisions\/97965"}],"wp:featuredmedia":[{"embeddable":true,"href":"https:\/\/www.animamacau.org\/pt-pt\/wp-json\/wp\/v2\/media\/97948"}],"wp:attachment":[{"href":"https:\/\/www.animamacau.org\/pt-pt\/wp-json\/wp\/v2\/media?parent=97953"}],"wp:term":[{"taxonomy":"category","embeddable":true,"href":"https:\/\/www.animamacau.org\/pt-pt\/wp-json\/wp\/v2\/categories?post=97953"},{"taxonomy":"post_tag","embeddable":true,"href":"https:\/\/www.animamacau.org\/pt-pt\/wp-json\/wp\/v2\/tags?post=97953"}],"curies":[{"name":"wp","href":"https:\/\/api.w.org\/{rel}","templated":true}]}}